{"id":977,"date":"2013-07-22T20:12:50","date_gmt":"2013-07-22T18:12:50","guid":{"rendered":"http:\/\/tintenwolf.mrkeks.net\/?p=977"},"modified":"2015-09-06T14:09:04","modified_gmt":"2015-09-06T12:09:04","slug":"ardeen-die-geschichte-von-eryn","status":"publish","type":"post","link":"https:\/\/tintenwolf.mrkeks.net\/es\/ardeen-die-geschichte-von-eryn\/","title":{"rendered":"Ardeen &#8211; Die Geschichte von Eryn"},"content":{"rendered":"<p>Zur Abwechslung kommt mal was ganz Anderes auf meinen Blog. Und zwar Werbung. Eine Bekannte hat einen Fantasie Roman geschrieben, f\u00fcr den ich euch hier begeistern m\u00f6chte. Das Buch hei\u00dft \u00bbArdeen &#8211; Die Geschichte von Eryn\u00ab. Hauptcharaktere sind &#8230;<\/p>\n<p>&#8230; Eryn, ein junger Krieger der Fenn, einem Clan, der friedlich in den Bergen im Norden Ardeens lebt und jeglicher Magie abschw\u00f6rt, der dennoch von Magiern entf\u00fchrt wird um in genau dieser Kunst unterrichtet zu werden.<\/p>\n<p>&#8230; Ravenor, ein aufbrausender, junger Krieger, der in der Garde des schwarzen Prinzen dient, als Bastardsohn dessen aber nicht als leiblicher Sohn anerkannt wird. Deswegen werden seine Handlungen von dem Wunsch beseelt, sich durch Mut und Talent zu beweisen.<\/p>\n<p>&#8230; und Raiden, ein \u00fcberaus talentierter aber hochm\u00fctiger Lehrmeister, der als Herr des schwarzen Turms zu den bedeutensten Magiern des Landes z\u00e4hlt.<\/p>\n<p>Es ist die Geschichte von verlorenen S\u00f6hnen, die ihren eigenen Weg durch die Welt finden und dabei zusammen und getrennt am\u00fcsante oder traurige, aber immer nachvollziehbare und ergreifende Abenteuer bestehen.<\/p>\n<p><a title=\"\u00dcber Ardeen\" href=\"http:\/\/www.ardeen.de\/?p=ardeen\" target=\"_blank\"><img loading=\"lazy\" decoding=\"async\" class=\"aligncenter\" alt=\"\" src=\"http:\/\/www.ardeen.de\/bilder\/wyvern.png\" width=\"307\" height=\"243\" \/><\/a><\/p>\n<p>Die Geschichte wird stets so erz\u00e4hlt, dass man die Handlungen der Charaktere versteht. Das Buch wird vor allem durch die Charakterentwicklung getragen. Die Entscheidungen der Charaktere und die Folgen dieser Entscheidungen er\u00f6ffnen immer wieder die Frage, wie das wohl ausgeht. Damit wird man von Handlung zu Handlung geworfen. Die Anfangs eher episodisch gefassten Handlungsabschnitte beginnen sich dann zunehmend zu mehreren Handlungsstr\u00e4ngen der Charaktere zu verdichten. Allen voran der Dipol von Eryn und seinem Painiger und sp\u00e4teren Lehrmeister Raiden.<\/p>\n<p>Ein weiterer Pluspunkt des Buches sind sehr sch\u00f6ne Zeichnungen, die die Autorin selbst angefertigt hat.<\/p>\n<p>Wenn ich es geschafft habe euer Interesse zu wecken, findet ihr alles Weitere <a title=\"Ardeen\" href=\"http:\/\/www.ardeen.de\/\" target=\"_blank\"><strong>hier<\/strong><\/a>.<\/p>\n\n\n\n\t<div class=\"dkpdf-button-container\" style=\" text-align:center \">\n\n\t\t<a class=\"dkpdf-button\" href=\"\/es\/wp-json\/wp\/v2\/posts\/977?pdf=977\" target=\"_blank\"><span class=\"dkpdf-button-icon\"><i class=\"fa fa-file-pdf-o\"><\/i><\/span> PDF<\/a>\n\n\t<\/div>\n\n\n\n\n\n<div class=\"twoclick_social_bookmarks_post_977 social_share_privacy clearfix 1.6.4 locale-es_ES sprite-de_DE\"><\/div><div class=\"twoclick-js\"><script type=\"text\/javascript\">\/* <![CDATA[ *\/\njQuery(document).ready(function($){if($('.twoclick_social_bookmarks_post_977')){$('.twoclick_social_bookmarks_post_977').socialSharePrivacy({\"services\":{\"facebook\":{\"status\":\"on\",\"txt_info\":\"2 Klicks f\\u00fcr mehr Datenschutz: Erst wenn Sie hier klicken, wird der Button aktiv und Sie k\\u00f6nnen Ihre Empfehlung an Facebook senden. Schon beim Aktivieren werden Daten an Dritte \\u00fcbertragen - siehe <em>i<\\\/em>.\",\"perma_option\":\"off\",\"action\":\"recommend\",\"language\":\"de_DE\"},\"twitter\":{\"reply_to\":\"\",\"tweet_text\":\"Ardeen%20%E2%80%93%20Die%20Geschichte%20von%20Eryn%20%C2%BB%20Tintenwolf%20%23konsumierbares\",\"status\":\"on\",\"txt_info\":\"2 Klicks f\\u00fcr mehr Datenschutz: Erst wenn Sie hier klicken, wird der Button aktiv und Sie k\\u00f6nnen Ihre Empfehlung an Twitter senden. Schon beim Aktivieren werden Daten an Dritte \\u00fcbertragen - siehe <em>i<\\\/em>.\",\"perma_option\":\"off\",\"language\":\"de\",\"referrer_track\":\"\"},\"gplus\":{\"status\":\"on\",\"txt_info\":\"2 Klicks f\\u00fcr mehr Datenschutz: Erst wenn Sie hier klicken, wird der Button aktiv und Sie k\\u00f6nnen Ihre Empfehlung an Google+ senden. Schon beim Aktivieren werden Daten an Dritte \\u00fcbertragen - siehe <em>i<\\\/em>.\",\"perma_option\":\"off\",\"referrer_track\":\"\"}},\"txt_help\":\"Wenn Sie diese Felder durch einen Klick aktivieren, werden Informationen an Facebook, Twitter, Flattr, Xing, t3n, LinkedIn, Pinterest oder Google eventuell ins Ausland \\u00fcbertragen und unter Umst\\u00e4nden auch dort gespeichert. N\\u00e4heres erfahren Sie durch einen Klick auf das <em>i<\\\/em>.\",\"settings_perma\":\"Dauerhaft aktivieren und Daten\\u00fcber-tragung zustimmen:\",\"info_link\":\"http:\\\/\\\/www.heise.de\\\/ct\\\/artikel\\\/2-Klicks-fuer-mehr-Datenschutz-1333879.html\",\"uri\":\"https:\\\/\\\/tintenwolf.mrkeks.net\\\/es\\\/ardeen-die-geschichte-von-eryn\\\/\",\"post_id\":977,\"post_title_referrer_track\":\"Ardeen+%26%238211%3B+Die+Geschichte+von+Eryn\",\"display_infobox\":\"off\"});}});\n\/* ]]> *\/<\/script><\/div>","protected":false},"excerpt":{"rendered":"<p>Zur Abwechslung kommt mal was ganz Anderes auf meinen Blog. Und zwar Werbung. Eine Bekannte hat einen Fantasie Roman geschrieben, f\u00fcr den ich euch hier begeistern m\u00f6chte. Das Buch hei\u00dft<\/p>\n","protected":false},"author":3,"featured_media":0,"comment_status":"closed","ping_status":"closed","sticky":false,"template":"","format":"standard","meta":{"footnotes":""},"categories":[18],"tags":[82],"class_list":["post-977","post","type-post","status-publish","format-standard","hentry","category-otrs","tag-konsumierbares"],"_links":{"self":[{"href":"https:\/\/tintenwolf.mrkeks.net\/es\/wp-json\/wp\/v2\/posts\/977","targetHints":{"allow":["GET"]}}],"collection":[{"href":"https:\/\/tintenwolf.mrkeks.net\/es\/wp-json\/wp\/v2\/posts"}],"about":[{"href":"https:\/\/tintenwolf.mrkeks.net\/es\/wp-json\/wp\/v2\/types\/post"}],"author":[{"embeddable":true,"href":"https:\/\/tintenwolf.mrkeks.net\/es\/wp-json\/wp\/v2\/users\/3"}],"replies":[{"embeddable":true,"href":"https:\/\/tintenwolf.mrkeks.net\/es\/wp-json\/wp\/v2\/comments?post=977"}],"version-history":[{"count":9,"href":"https:\/\/tintenwolf.mrkeks.net\/es\/wp-json\/wp\/v2\/posts\/977\/revisions"}],"predecessor-version":[{"id":3672,"href":"https:\/\/tintenwolf.mrkeks.net\/es\/wp-json\/wp\/v2\/posts\/977\/revisions\/3672"}],"wp:attachment":[{"href":"https:\/\/tintenwolf.mrkeks.net\/es\/wp-json\/wp\/v2\/media?parent=977"}],"wp:term":[{"taxonomy":"category","embeddable":true,"href":"https:\/\/tintenwolf.mrkeks.net\/es\/wp-json\/wp\/v2\/categories?post=977"},{"taxonomy":"post_tag","embeddable":true,"href":"https:\/\/tintenwolf.mrkeks.net\/es\/wp-json\/wp\/v2\/tags?post=977"}],"curies":[{"name":"wp","href":"https:\/\/api.w.org\/{rel}","templated":true}]}}