{"id":7835,"date":"2023-03-16T11:47:52","date_gmt":"2023-03-16T09:47:52","guid":{"rendered":"https:\/\/tintenwolf.mrkeks.net\/?p=7835"},"modified":"2024-10-03T00:20:19","modified_gmt":"2024-10-02T22:20:19","slug":"die-luege-von-guten-und-boesen-kapitalistischen-staaten","status":"publish","type":"post","link":"https:\/\/tintenwolf.mrkeks.net\/es\/die-luege-von-guten-und-boesen-kapitalistischen-staaten\/","title":{"rendered":"Die L\u00fcge von guten und b\u00f6sen kapitalistischen Staaten"},"content":{"rendered":"<div class=\"wp-block-image\">\n<figure class=\"aligncenter size-large is-resized\"><a href=\"https:\/\/tintenwolf.mrkeks.net\/wp-content\/uploads\/2023\/03\/NS-Propagandaplakat-1.jpg\"  data-fancybox=\"gallery\" rel=\"group-7835\"><img loading=\"lazy\" decoding=\"async\" src=\"https:\/\/tintenwolf.mrkeks.net\/wp-content\/uploads\/2023\/03\/NS-Propagandaplakat-1-719x1024.jpg\" alt=\"\" class=\"wp-image-7836\" width=\"360\" height=\"512\" srcset=\"https:\/\/tintenwolf.mrkeks.net\/wp-content\/uploads\/2023\/03\/NS-Propagandaplakat-1-719x1024.jpg 719w, https:\/\/tintenwolf.mrkeks.net\/wp-content\/uploads\/2023\/03\/NS-Propagandaplakat-1-211x300.jpg 211w, https:\/\/tintenwolf.mrkeks.net\/wp-content\/uploads\/2023\/03\/NS-Propagandaplakat-1-768x1094.jpg 768w, https:\/\/tintenwolf.mrkeks.net\/wp-content\/uploads\/2023\/03\/NS-Propagandaplakat-1.jpg 1024w\" sizes=\"auto, (max-width: 360px) 100vw, 360px\" \/><\/a><figcaption><em>NS-Propagandaplakat (https:\/\/www.dhm.de\/lemo\/bestand\/objekt\/sieg-oder-bolschewismus-1943.html)<\/em><\/figcaption><\/figure><\/div>\n\n\n<p>Eine Grenze durchzieht die Welt. Der freie, gute, rechtschaffene, demokratische und friedliebende Westen steht gegen die freiheitsverachtenden, b\u00f6sen, verbrecherischen, diktatorischen und kriegstreibenden Staaten wie Russland oder China. Es ist quasi eine metaphysische Ordnung, die uns im Glauben h\u00e4lt, moralisch integer sowie gegen Propaganda gefeit zu sein und in einem antifaschistischen Abwehrgefecht zu stehen. Es tut sich fast die gleiche Verblendung auf, welche schon jene, die sich als \u00bbFreie Linke\u00ab &amp; Co. des \u00bbQuerdenkens\u00ab r\u00fchmten, klar wissen lie\u00df, in der Frontstellung f\u00fcr die Freiheit zu k\u00e4mpfen. Heute wird dieses \u00dcberlegenheitsdenken jedoch nicht zu allererst von Compact, kla.tv, KenFM \u2013 und wie jene rechten Kan\u00e4le alle hei\u00dfen \u2013 befeuert, sondern von, nach \u00e4hnlichen Standards arbeitenden, staatlichen oder konzernzugeh\u00f6rigen Medien. Kaum ein Mucks ging durch die, \u00fcberall russische Trolle Vermutenden, als im Nachgang der Sendung von \u00bbhart aber fair\u00ab des WDR am 27.02.2023 offenbar wurde, dass deren Moderator Louis Klamroth auf gefakte Einspieler zur\u00fcckgriff, um der an Faktenwissen weit besser aufgestellten Sahra Wagenknecht irgendwie die Stirn bieten zu k\u00f6nnen. Dass die R\u00fcstungslobbyistin Marie-Agnes Strack-Zimmermann in der selben Sendung das alte antisemitische Hetzm\u00e4rchen von den Kinder entf\u00fchrenden, vergewaltigenden &amp; ermordenden j\u00fcdischen Bolschewiki \u2013 die Ritualmordlegende l\u00e4sst gr\u00fc\u00dfen \u2013 wieder aufw\u00e4rmte, um durch steigende Waffenverk\u00e4ufe Geld in ihr Portemonnaie zu verschieben, k\u00fcmmerte jene Hippster, die heute in nationalem Wahn ins Kriegsgeschrei einfallen, welches weit \u00fcber die notwendige Verurteilung der imperialen, russischen Invasion in der Ukraine hinausgeht, wenig. Es emp\u00f6rt die angeblichen Antifaschist*innen auch nicht, dass das heute journal im ZDF lediglich von einem der wichtigsten Kommandeure der Ukraine sprach, als Dmytro Kozjubailo, der am 07.03.2023 bei Bachmut gefallen war, mit Pomp und Ehren beigesetzt wurde, aber kein Wort dazu verlor, dass der von Selenskyj zum \u00bbHeld der Ukraine\u00ab gek\u00fcrte Faschist eben auch wichtiger Funktion\u00e4r des Prawyj Sektor war. Klar, es gibt ja keine Nazis in der Ukraine. Diese finden sich ja nur in Russland, jener Nation von j\u00fcdisch-bolschewistischen Untermenschen, die unter ihrem F\u00fchrer Putin zeitgleich Hitler und Stalin nacheifert. Wer von westlicher Propaganda vollkommen verblendet ist, wird dieses Paradoxon freilich nicht erkennen, welches nur aus der unwissenschaftlischen, in diesem Fall auch klar geschichtsklitterischen Logik der Extremismus-Doktrin erkl\u00e4rbar ist; Hauptsache ist, die anderen sind die B\u00f6sen. Die haben in Butscha Tage nach ihrem Abzug, nachdem der zur\u00fcckgekehrte, ukrainische B\u00fcrgermeister der Stadt am 31.03.2022 bereits die R\u00fcckeroberung verk\u00fcndet, eine Jagd auf \u00bbSaboteure\u00ab und \u00bbBesatzer in Zivilkleidung\u00ab durch Sondereinheiten der Polizei angek\u00fcndigt aber nichts von einem Massaker erw\u00e4hnt hatte, Zivilist*innen ermordet, welche die wei\u00dfe Armbinde als Symbol der friedlichen Neutralit\u00e4t auch gegen\u00fcber den russischen Truppen trugen. Es ist quasi logisch, dass im Falle dieses Massenmordes nur die Ukraine und gegebenenfalls befreundete M\u00e4chte ermitteln d\u00fcrfen. Und jene, die mir nun hetzerisch vorwerfen m\u00f6gen, russische Verschw\u00f6rungsmythen wiederzugeben, taten dies auch, als ich bereits kurz nach den Terroranschl\u00e4gen auf die Nord-Stream-Pipelines erkl\u00e4rte, dass dies wohl eher kein Angriff durch russische Milit\u00e4rs und Geheimdienste gewesen sei. Mittlerweile hat der vielfach preisgekr\u00f6nte, US-amerikanische Investigativjournalist Seymour Myron \u00bbSy\u00ab Hersh, der bereits das Massaker der moralisch so \u00fcberlegenen USA im M\u00e4rz 1968 im vietnamesischen M\u1ef9 Lai aufgedeckt hatte, klar nachgewiesen, dass es US-Geheimdienste &amp; -Milit\u00e4rs waren, welche die Pipelines gesprengt hatten und die hiesigen Systemmedien verstricken sich bei ihrem R\u00fcckzugsgefecht um die Deutung dieses antirussischen Terrorismus in Widerspr\u00fcchen. L\u00e4ngst mussten sie also zugeben, dass es wohl doch keine russische Propaganda sei, dass der Anschlag nicht von Putin angeordnet worden war. Neuerdings ist es auch allein russische Schuld, wenn deren Kampfflugzeuge mit einer Drohne der USA \u00fcber dem Schwarzen Meer also weit abseits des Nordamerikanischen Kontinents zusammensto\u00dfen. Nat\u00fcrlich w\u00fcrden westliche Medien niemals L\u00fcgenm\u00e4rchen, Verschw\u00f6rungsmythen und Kriegspropaganda verbreiten. Wer so glaubw\u00fcrdig Bericht erstattet, hat auch kein Problem mit dem guten, alten OUN-Gru\u00df \u00bbSlava Ukraini\u00ab. In Zeiten, in denen gro\u00dfe Teile der Partei \u00bbDie Linke\u00ab alte Friedenspositionen aufgeben und ebenfalls mehr Waffen fordern, sind alle, die Frieden wollen, sowieso im Umfeld der rechtsradikalen AfD zu suchen. Wer soviel westliches Getrolle nicht zynisch sieht und weiterhin die L\u00fcge von guten und b\u00f6sen kapitalistischen Staaten glaubt, muss den Verstand verloren haben.<\/p>\n\n\n<div class=\"wp-block-image\">\n<figure class=\"aligncenter size-full is-resized\"><a href=\"https:\/\/tintenwolf.mrkeks.net\/wp-content\/uploads\/2023\/03\/NS-Propagandaplakat-2.jpg\"  data-fancybox=\"gallery\" rel=\"group-7835\"><img loading=\"lazy\" decoding=\"async\" src=\"https:\/\/tintenwolf.mrkeks.net\/wp-content\/uploads\/2023\/03\/NS-Propagandaplakat-2.jpg\" alt=\"\" class=\"wp-image-7837\" width=\"512\" height=\"490\" srcset=\"https:\/\/tintenwolf.mrkeks.net\/wp-content\/uploads\/2023\/03\/NS-Propagandaplakat-2.jpg 1024w, https:\/\/tintenwolf.mrkeks.net\/wp-content\/uploads\/2023\/03\/NS-Propagandaplakat-2-300x287.jpg 300w, https:\/\/tintenwolf.mrkeks.net\/wp-content\/uploads\/2023\/03\/NS-Propagandaplakat-2-768x734.jpg 768w\" sizes=\"auto, (max-width: 512px) 100vw, 512px\" \/><\/a><figcaption><em>NS-Propagandaplakat (https:\/\/www.dhm.de\/lemo\/bestand\/objekt\/ns-durchhalteplakat-194445.html)<\/em><\/figcaption><\/figure><\/div>\n\n\n\t<div class=\"dkpdf-button-container\" style=\" text-align:center \">\n\n\t\t<a class=\"dkpdf-button\" href=\"\/es\/wp-json\/wp\/v2\/posts\/7835?pdf=7835\" target=\"_blank\"><span class=\"dkpdf-button-icon\"><i class=\"fa fa-file-pdf-o\"><\/i><\/span> PDF<\/a>\n\n\t<\/div>\n\n\n\n\n\n<div class=\"twoclick_social_bookmarks_post_7835 social_share_privacy clearfix 1.6.4 locale-es_ES sprite-de_DE\"><\/div><div class=\"twoclick-js\"><script type=\"text\/javascript\">\/* <![CDATA[ *\/\njQuery(document).ready(function($){if($('.twoclick_social_bookmarks_post_7835')){$('.twoclick_social_bookmarks_post_7835').socialSharePrivacy({\"services\":{\"facebook\":{\"status\":\"on\",\"txt_info\":\"2 Klicks f\\u00fcr mehr Datenschutz: Erst wenn Sie hier klicken, wird der Button aktiv und Sie k\\u00f6nnen Ihre Empfehlung an Facebook senden. Schon beim Aktivieren werden Daten an Dritte \\u00fcbertragen - siehe <em>i<\\\/em>.\",\"perma_option\":\"off\",\"action\":\"recommend\",\"language\":\"de_DE\"},\"twitter\":{\"reply_to\":\"\",\"tweet_text\":\"%20Die%20L%C3%BCge%20von%20guten%20und%20b%C3%B6sen%20kapitalistischen%20Staaten%20%C2%BB%20Tintenwolf%20...\",\"status\":\"on\",\"txt_info\":\"2 Klicks f\\u00fcr mehr Datenschutz: Erst wenn Sie hier klicken, wird der Button aktiv und Sie k\\u00f6nnen Ihre Empfehlung an Twitter senden. Schon beim Aktivieren werden Daten an Dritte \\u00fcbertragen - siehe <em>i<\\\/em>.\",\"perma_option\":\"off\",\"language\":\"de\",\"referrer_track\":\"\"},\"gplus\":{\"status\":\"on\",\"txt_info\":\"2 Klicks f\\u00fcr mehr Datenschutz: Erst wenn Sie hier klicken, wird der Button aktiv und Sie k\\u00f6nnen Ihre Empfehlung an Google+ senden. Schon beim Aktivieren werden Daten an Dritte \\u00fcbertragen - siehe <em>i<\\\/em>.\",\"perma_option\":\"off\",\"referrer_track\":\"\"}},\"txt_help\":\"Wenn Sie diese Felder durch einen Klick aktivieren, werden Informationen an Facebook, Twitter, Flattr, Xing, t3n, LinkedIn, Pinterest oder Google eventuell ins Ausland \\u00fcbertragen und unter Umst\\u00e4nden auch dort gespeichert. N\\u00e4heres erfahren Sie durch einen Klick auf das <em>i<\\\/em>.\",\"settings_perma\":\"Dauerhaft aktivieren und Daten\\u00fcber-tragung zustimmen:\",\"info_link\":\"http:\\\/\\\/www.heise.de\\\/ct\\\/artikel\\\/2-Klicks-fuer-mehr-Datenschutz-1333879.html\",\"uri\":\"https:\\\/\\\/tintenwolf.mrkeks.net\\\/es\\\/die-luege-von-guten-und-boesen-kapitalistischen-staaten\\\/\",\"post_id\":7835,\"post_title_referrer_track\":\"Die+L%C3%BCge+von+guten+und+b%C3%B6sen+kapitalistischen+Staaten\",\"display_infobox\":\"off\"});}});\n\/* ]]> *\/<\/script><\/div>","protected":false},"excerpt":{"rendered":"<p>Eine Grenze durchzieht die Welt. Der freie, gute, rechtschaffene, demokratische und friedliebende Westen steht gegen die freiheitsverachtenden, b\u00f6sen, verbrecherischen, diktatorischen und kriegstreibenden Staaten wie Russland oder China. Es ist quasi<\/p>\n","protected":false},"author":3,"featured_media":0,"comment_status":"closed","ping_status":"closed","sticky":false,"template":"","format":"standard","meta":{"footnotes":""},"categories":[5],"tags":[34,64,215],"class_list":["post-7835","post","type-post","status-publish","format-standard","hentry","category-textos-del-politico","tag-krieg-frieden","tag-medien","tag-ukrainekrieg"],"_links":{"self":[{"href":"https:\/\/tintenwolf.mrkeks.net\/es\/wp-json\/wp\/v2\/posts\/7835","targetHints":{"allow":["GET"]}}],"collection":[{"href":"https:\/\/tintenwolf.mrkeks.net\/es\/wp-json\/wp\/v2\/posts"}],"about":[{"href":"https:\/\/tintenwolf.mrkeks.net\/es\/wp-json\/wp\/v2\/types\/post"}],"author":[{"embeddable":true,"href":"https:\/\/tintenwolf.mrkeks.net\/es\/wp-json\/wp\/v2\/users\/3"}],"replies":[{"embeddable":true,"href":"https:\/\/tintenwolf.mrkeks.net\/es\/wp-json\/wp\/v2\/comments?post=7835"}],"version-history":[{"count":2,"href":"https:\/\/tintenwolf.mrkeks.net\/es\/wp-json\/wp\/v2\/posts\/7835\/revisions"}],"predecessor-version":[{"id":7944,"href":"https:\/\/tintenwolf.mrkeks.net\/es\/wp-json\/wp\/v2\/posts\/7835\/revisions\/7944"}],"wp:attachment":[{"href":"https:\/\/tintenwolf.mrkeks.net\/es\/wp-json\/wp\/v2\/media?parent=7835"}],"wp:term":[{"taxonomy":"category","embeddable":true,"href":"https:\/\/tintenwolf.mrkeks.net\/es\/wp-json\/wp\/v2\/categories?post=7835"},{"taxonomy":"post_tag","embeddable":true,"href":"https:\/\/tintenwolf.mrkeks.net\/es\/wp-json\/wp\/v2\/tags?post=7835"}],"curies":[{"name":"wp","href":"https:\/\/api.w.org\/{rel}","templated":true}]}}