{"id":5190,"date":"2016-05-06T10:52:02","date_gmt":"2016-05-06T08:52:02","guid":{"rendered":"http:\/\/tintenwolf.mrkeks.net\/?p=5190"},"modified":"2024-10-03T00:34:04","modified_gmt":"2024-10-02T22:34:04","slug":"das-kapitalismustribunal","status":"publish","type":"post","link":"https:\/\/tintenwolf.mrkeks.net\/es\/das-kapitalismustribunal\/","title":{"rendered":"Das Kapitalismustribunal"},"content":{"rendered":"<p style=\"text-align: center;\">\u00bb<strong>Ist der Kapitalismus ein Verbrechen?<\/strong> Immer mehr Menschen beobachten zunehmende Unfreiheit und Ungleichheit. Gleichzeitig zeigt sich ihnen das \u00f6kologische Desaster. Geltendes Recht und Rechtsempfinden klaffen auseinander. Im Kapitalismustribunal wird die Frage der Schuld des Kapitalismus&#8217; und seiner Protagonisten fair verhandelt.\u00ab<\/p>\n<p style=\"text-align: right;\">(Das Kapitalismustribunal)<\/p>\n<p>&nbsp;<\/p>\n<p>Am kommenden Sonntag, dem 08.05.2016 werde ich zwischen 16:00 und 17:30 Uhr per Video eine Anklage beim <a href=\"http:\/\/capitalismtribunal.org\/de\" target=\"_blank\" rel=\"noopener\">Kapitalismustribunal<\/a> verlesen. Dies k\u00f6nnt ihr online auch <strong><a href=\"http:\/\/capitalismtribunal.org\/de\/pages\/the-tribunal\/livestream\" target=\"_blank\" rel=\"noopener\">live verfolgen<\/a><\/strong>.<\/p>\n<p>Bei der Anklage handelt es sich um eine Abwandlung des <a href=\"https:\/\/tintenwolf.mrkeks.net\/es\/internationaler-tag-inert\/\">Textes f\u00fcr einen Internationalen Tag gegen Polizei, Staatsgewalt &#038; Herrschaft<\/a>:<\/p>\n<p style=\"padding-left: 30px; text-align: justify;\"><em>Bei der Aus\u00fcbung der Herrschaft \u00fcber die Menschheit setzen der Kapitalismus und seine ausf\u00fchrenden Istanzen in Form von Banken, Regierungen und multinationalen Konzernen sowohl auf Propaganda als auch auf Repression. Wer ersterer nicht auf den Leim geht, wird mit letzterer bedroht. Egal wohin das Auge blickt, finden brutale Verbrechen im Interesse des Kapitals statt:<\/em><\/p>\n<ul style=\"padding-left: 30px; text-align: justify;\">\n<li><em>In der T\u00fcrkei morden staatliche Truppen unter Erdo\u011fans AKP Kurd*innen und linke Oppositionelle.\n<\/li>\n<li>\nStatt eine Suche nach Frieden zu betreiben, drehen sich Hamas und israelische Hardliner in einer Spirale der Gewalt, die alle Bem\u00fchungen um ein gerechtes Miteinander zerreibt.\n<\/li>\n<li>\nIn Syrien und Irak mordet Daesch \u2013 auch als \u00bbIslamischer Staat\u00ab (IS) bekannt \u2013 und dient den Imperialist*innen in den USA, Europa und Russland, sowie verschiedenen Regionalm\u00e4chten nicht nur zum F\u00fchren geostrategischer Kriege, sondern auch um \u00dcberwachung und Repression im eigenen Land auszubauen.\n<\/li>\n<li>\nEine neoliberale aber auch kriegerische Unterwerfung Afrikas in Form eines neuen Kolonialismus wird seit Jahren voran getrieben.\n<\/li>\n<li>\nDie Ukraine ist in einen blutigen B\u00fcrgerkrieg versunken, in dem Antifaschist*innen von faschistischen, staatsnahen Paramilit\u00e4rs bedroht und gejagt werden. Ein wirkliches Interesse am Ende des Stellvertreterkrieges ist weder auf \u00bbwestlicher\u00ab noch auf russischer Seite zu erkennen.\n<\/li>\n<li>\nIn Abya Yala \u2013 wie der Mittel- &#038; S\u00fcdamerikanische Kontinent von indigenen Aktivist*innen genannt wird \u2013 existiert zwar eine lange Tradition revolution\u00e4rer K\u00e4mpfe, doch auch dort steht derzeit ein von us-amerikanischen Interessen gesteuerter Rollback an.\n<\/li>\n<li>\nIn der Volksrepublik China wird der Begriff des Kommunismus von einer machtgeilen und korrupten Funktion\u00e4rselite missbraucht, um zu verschleiern, dass sie l\u00e4ngst im profitorientierten und gnadenlosen System des Kapitalismus angekommen ist.\n<\/li>\n<li>\nNoch immer ermorden und dem\u00fctigen in den USA, Europa und anderswo rassistische Cops ungestraft \u00bbPeople of Color\u00ab. Ein homogenes Bild einer \u00bbwei\u00dfen\u00ab Gesellschaft scheint vielfach ganz normal.\n<\/li>\n<li>\nEuropa schottet sich mit Polizei und Armee gegen jene Menschen ab, die vor Krieg und Ausbeutung fliehen. Rassist*innen und Neonazis bleiben unbehelligt, w\u00e4hrend die Staatsmacht flei\u00dfig damit besch\u00e4ftigt ist, linke und progressive Strukturen zu drangsalieren und zu zerschlagen.<\/em><\/li>\n<\/ul>\n<p style=\"padding-left: 30px; text-align: justify;\"><em>Handlanger*innen und Mitt\u00e4ter*innen sind in allen diesen F\u00e4llen Polizei und staatliche Strukturen und Paramilit\u00e4rs, die das Gewaltmonopol der Herrschenden mit aller Willk\u00fcr und Brutalit\u00e4t durchsetzen.<\/em><\/p>\n<p style=\"padding-left: 30px; text-align: justify;\"><em>Dies sei an dieser Stelle angeklagt, wobei wie ersichtlich drei verschiedene Ebenen der Schuld betrachtet werden m\u00fcssen. Jene des Systems Kapitalismus an sich, die der Bosse von Banken, Regierungen und Konzernen, welche gemeinhin als die Angeh\u00f6rigen der Kapitalist*innenklasse bezeichnet werden, und zum Schluss auf unterster Ebene die Schuld eben jener ausf\u00fchrenden Organe wie z.B. der Polizei.<\/em><\/p>\n<p style=\"padding-left: 30px; text-align: justify;\"><em>Das Neigen des Kapitalismus zur Unterdr\u00fcckung der in ihm lebenden Wesen ist eine logische Konsequenz aus dem Dr\u00e4ngen sich als System am Leben zu erhalten. Ein System, welches auf Ausbeutung beruht, muss Zwang anwenden um die Ausgebeuteten in ihrer Rolle zu halten. Gel\u00e4nge dies nicht, w\u00fcrde es in sich kollabieren. Diese Tatsache macht klar, dass sich das Verbrechen der Repression durch den Kapitalismus erst mit dessen Ende verh\u00fcten l\u00e4sst.<\/em><\/p>\n<p style=\"padding-left: 30px; text-align: justify;\"><em>Nutznie\u00dfer des Kapitalismus sind die Angeh\u00f6rigen der Klasse der Kapitalist*innen. Ihre privilegierte Stellung innerhalb des Systems k\u00f6nnen sie hierbei nur erhalten, wenn sie ihre Macht mehren und sich gegen\u00fcber anderen durchsetzen. Dies geschieht durch Gewalt \u2013 mal in Kooperation und mal in Konkurrenz. Sie sind es, die sich auf Polizei, staatliche Strukturen, Paramilit\u00e4rs und Soldat*innen st\u00fctzen, um die eigenen Interessen durchzusetzen und somit das System Kapitalismus am Leben zu erhalten. Ihre Gewalt ist zumeist indirekt, was aufgrund der physischen Ferne zu den Betroffenen die M\u00f6glichkeit gibt, zugleich die schlimmsten Formen der Gewalt anzuordnen und sich dennoch zivilisiert zu geben.<\/em><\/p>\n<p style=\"padding-left: 30px; text-align: justify;\"><em>An unterster Stelle stehen die ausf\u00fchrenden Organe. Jene also, die direkte Gewalt gegen all jene aus\u00fcben, die nicht auf die Propaganda des Systems hereinfallen oder aus anderen Gr\u00fcnden den Interessen ihrer Dienstherr*innen im Wege stehen. Sie machen sich hierbei auf oftmals sadistische Weise willk\u00fcrlicher und brutaler Methoden abseits jeder Moral schuldig. Eine Reflexion der eigenen Taten w\u00fcrde unweigerlich die Bestie im Lebewesen selbst offenbaren und muss unterdr\u00fcckt werden, um die Funktionsf\u00e4higkeit beizubehalten.<\/em><\/p>\n\n\n\n\t<div class=\"dkpdf-button-container\" style=\" text-align:center \">\n\n\t\t<a class=\"dkpdf-button\" href=\"\/es\/wp-json\/wp\/v2\/posts\/5190?pdf=5190\" target=\"_blank\"><span class=\"dkpdf-button-icon\"><i class=\"fa fa-file-pdf-o\"><\/i><\/span> PDF<\/a>\n\n\t<\/div>\n\n\n\n\n\n<div class=\"twoclick_social_bookmarks_post_5190 social_share_privacy clearfix 1.6.4 locale-es_ES sprite-de_DE\"><\/div><div class=\"twoclick-js\"><script type=\"text\/javascript\">\/* <![CDATA[ *\/\njQuery(document).ready(function($){if($('.twoclick_social_bookmarks_post_5190')){$('.twoclick_social_bookmarks_post_5190').socialSharePrivacy({\"services\":{\"facebook\":{\"status\":\"on\",\"txt_info\":\"2 Klicks f\\u00fcr mehr Datenschutz: Erst wenn Sie hier klicken, wird der Button aktiv und Sie k\\u00f6nnen Ihre Empfehlung an Facebook senden. Schon beim Aktivieren werden Daten an Dritte \\u00fcbertragen - siehe <em>i<\\\/em>.\",\"perma_option\":\"off\",\"action\":\"recommend\",\"language\":\"de_DE\"},\"twitter\":{\"reply_to\":\"\",\"tweet_text\":\"%20Das%20Kapitalismustribunal%20%C2%BB%20Tintenwolf%20%23herrschaft%20%23kapitalismus%20%23krieg%20%26%20...\",\"status\":\"on\",\"txt_info\":\"2 Klicks f\\u00fcr mehr Datenschutz: Erst wenn Sie hier klicken, wird der Button aktiv und Sie k\\u00f6nnen Ihre Empfehlung an Twitter senden. Schon beim Aktivieren werden Daten an Dritte \\u00fcbertragen - siehe <em>i<\\\/em>.\",\"perma_option\":\"off\",\"language\":\"de\",\"referrer_track\":\"\"},\"gplus\":{\"status\":\"on\",\"txt_info\":\"2 Klicks f\\u00fcr mehr Datenschutz: Erst wenn Sie hier klicken, wird der Button aktiv und Sie k\\u00f6nnen Ihre Empfehlung an Google+ senden. Schon beim Aktivieren werden Daten an Dritte \\u00fcbertragen - siehe <em>i<\\\/em>.\",\"perma_option\":\"off\",\"referrer_track\":\"\"}},\"txt_help\":\"Wenn Sie diese Felder durch einen Klick aktivieren, werden Informationen an Facebook, Twitter, Flattr, Xing, t3n, LinkedIn, Pinterest oder Google eventuell ins Ausland \\u00fcbertragen und unter Umst\\u00e4nden auch dort gespeichert. N\\u00e4heres erfahren Sie durch einen Klick auf das <em>i<\\\/em>.\",\"settings_perma\":\"Dauerhaft aktivieren und Daten\\u00fcber-tragung zustimmen:\",\"info_link\":\"http:\\\/\\\/www.heise.de\\\/ct\\\/artikel\\\/2-Klicks-fuer-mehr-Datenschutz-1333879.html\",\"uri\":\"https:\\\/\\\/tintenwolf.mrkeks.net\\\/es\\\/das-kapitalismustribunal\\\/\",\"post_id\":5190,\"post_title_referrer_track\":\"Das+Kapitalismustribunal\",\"display_infobox\":\"off\"});}});\n\/* ]]> *\/<\/script><\/div>","protected":false},"excerpt":{"rendered":"<p>\u00bbIst der Kapitalismus ein Verbrechen? Immer mehr Menschen beobachten zunehmende Unfreiheit und Ungleichheit. Gleichzeitig zeigt sich ihnen das \u00f6kologische Desaster. Geltendes Recht und Rechtsempfinden klaffen auseinander. Im Kapitalismustribunal wird die<\/p>\n","protected":false},"author":3,"featured_media":0,"comment_status":"closed","ping_status":"closed","sticky":false,"template":"","format":"standard","meta":{"footnotes":""},"categories":[5],"tags":[54,53,34,35,100],"class_list":["post-5190","post","type-post","status-publish","format-standard","hentry","category-textos-del-politico","tag-herrschaft","tag-kapitalismus","tag-krieg-frieden","tag-repression","tag-wahrheit"],"_links":{"self":[{"href":"https:\/\/tintenwolf.mrkeks.net\/es\/wp-json\/wp\/v2\/posts\/5190","targetHints":{"allow":["GET"]}}],"collection":[{"href":"https:\/\/tintenwolf.mrkeks.net\/es\/wp-json\/wp\/v2\/posts"}],"about":[{"href":"https:\/\/tintenwolf.mrkeks.net\/es\/wp-json\/wp\/v2\/types\/post"}],"author":[{"embeddable":true,"href":"https:\/\/tintenwolf.mrkeks.net\/es\/wp-json\/wp\/v2\/users\/3"}],"replies":[{"embeddable":true,"href":"https:\/\/tintenwolf.mrkeks.net\/es\/wp-json\/wp\/v2\/comments?post=5190"}],"version-history":[{"count":4,"href":"https:\/\/tintenwolf.mrkeks.net\/es\/wp-json\/wp\/v2\/posts\/5190\/revisions"}],"predecessor-version":[{"id":7665,"href":"https:\/\/tintenwolf.mrkeks.net\/es\/wp-json\/wp\/v2\/posts\/5190\/revisions\/7665"}],"wp:attachment":[{"href":"https:\/\/tintenwolf.mrkeks.net\/es\/wp-json\/wp\/v2\/media?parent=5190"}],"wp:term":[{"taxonomy":"category","embeddable":true,"href":"https:\/\/tintenwolf.mrkeks.net\/es\/wp-json\/wp\/v2\/categories?post=5190"},{"taxonomy":"post_tag","embeddable":true,"href":"https:\/\/tintenwolf.mrkeks.net\/es\/wp-json\/wp\/v2\/tags?post=5190"}],"curies":[{"name":"wp","href":"https:\/\/api.w.org\/{rel}","templated":true}]}}