{"id":2457,"date":"2014-07-24T00:43:23","date_gmt":"2014-07-23T22:43:23","guid":{"rendered":"http:\/\/tintenwolf.mrkeks.net\/?p=2457"},"modified":"2024-10-03T00:45:42","modified_gmt":"2024-10-02T22:45:42","slug":"stoppt-das-morden-das-schweigen-brechen","status":"publish","type":"post","link":"https:\/\/tintenwolf.mrkeks.net\/es\/stoppt-das-morden-das-schweigen-brechen\/","title":{"rendered":"Stoppt das Morden \u2013 Das Schweigen brechen"},"content":{"rendered":"<p>Ein Aufruf zu einer Friedensdemo am 24.07. um 19:00 Uhr am Kotti, den ich auf jeden Fall teilen m\u00f6chte, einfach weil er eines der differenziertesten Statements zum Thema Nahost enth\u00e4lt, den die (deutsche) Linke seit langem hervorgebracht hat:<\/p>\n<style type=\"text\/css\"><!--\np { margin-bottom: 0.25cm; line-height: 120%; }a:link {  }\n--><\/style>\n<p align=\"justify\"><em>Es herrscht Krieg im Nahen Osten. Seit Tagen f\u00fchrt die Israelische Armee eine blutige Milit\u00e4roperation gegen die Bev\u00f6lkerung im Gaza-Streifen und \u00fcber 500 Menschen \u2013 zum gr\u00f6\u00dften Teil Zivilisten \u2013 sind bisher dabei ermordet worden. Erkl\u00e4rtes Ziel der israelischen Milit\u00e4rinvasion ist es, die milit\u00e4rischen und politischen Strukturen der islamistischen Hamas zu schw\u00e4chen, doch wer in erster Linie darunter zu leiden hat, ist klar: Es ist die normale Bev\u00f6lkerung im dicht besiedeltsten Ghetto der Welt, es ist die Bev\u00f6lkerung des Gaza-Streifens.<\/em><\/p>\n<p align=\"justify\"><em>Doch w\u00e4hrend alle Welt auf den israelisch-pal\u00e4stinensischen Konflikt schaut, f\u00fchrt einige hundert Kilometer entfernt in Nordsyrien die islamistische ISIS-Miliz eine ebenfalls blutige Bodenoffensive gegen die kurdische Enklave Koban\u00e9 durch. Erkl\u00e4rtes Ziel der \u201eGotteskrieger\u201c ist es, das Projekt basisdemokratischer und kommunaler Selbstverwaltung, das im Schatten des syrischen B\u00fcrgerkrieges entstanden ist, im Blut zu ertr\u00e4nken. Denn die Kommune von Rojava und ihr auf Frauenbefreiung, \u00d6kologie und Basisdemokratie aufbauender Gesellschaftsentwurf stellen im Grauen des syrischen B\u00fcrgerkrieges eine emanzipatorische Alternative zur Terrorherrschaft der ISIS auf der einen und der Unterdr\u00fcckung durch das Assad-Regime auf der anderen Seite dar und wird deshalb von den islamischen Rackets gef\u00fcrchtet und gehasst.<\/em><\/p>\n<p align=\"justify\"><em>Aufger\u00fcstet und bewaffnet wurde die ISIS-Miliz vor allem von der T\u00fcrkei und den Golfstaaten. Allerdings haben auch der US-amerikanische Geheimdienst und andere imperialistische Player die Al-Qaida-Abspaltung im Kampf gegen das geopolitisch in Ungnade gefallene Assad-Regime anfangs unterst\u00fctzt. Verletzte ISIS-K\u00e4mpfer wurde in israelischen Krankenh\u00e4usern behandelt und gesund gepflegt, um sie wieder fit f\u00fcr den Kampf gegen die libanesische Hisbollah und die regul\u00e4ren Streitkr\u00e4fte der syrischen Regierung zu machen. Nachdem die ISIS im April schon einmal versucht hatte, die kurdischen Verteidigungslinien zu \u00fcberrennen und dabei schwere Verluste hinnehmen musste, startete sie vor einigen Tagen \u2013 finanziell und milit\u00e4risch \u2013 durch ihren Blitzfeldzug im Irak gest\u00e4rkt den zweiten Versuch. Au\u00dferhalb der kurdischen Community wird dieser teilweise mit chemischen Waffen gef\u00fchrte Vernichtungsfeldzug gegen die \u201eungl\u00e4ubigen Kurden\u201c im Gegensatz zu den Ereignissen im Gaza-Streifen kaum wahrgenommen.<\/em><\/p>\n<p align=\"justify\"><em>Dies ist umso tragischer da die Kommune von Rojava im Irrsinn des gegenseitigen Abschlachtens, der im Nahen Osten seit fast 100 Jahren herrscht, einen emanzipatorischen Lichtblick darstellt, der sich nicht geostrategisch vor den Karren imperialistischer Akteure spannen l\u00e4sst und der nationalistischen Spaltung die Vision eines gemeinsamen selbstbestimmten und freien Lebens entgegenh\u00e4lt. Weil ihr Kampf sich der nationalstaatlichen Sackgasse verweigert und nicht geeignet ist, liebgewonnene Feindbilder zu pflegen und sich im Gegensatz zu ISIS, Israel oder auch der Hamas nicht f\u00fcr die geostrategischen Interessen verschiedener Staaten nutzbar machen l\u00e4sst, f\u00e4llt ihre internationale Lobby leider sehr klein aus.<\/em><\/p>\n<p align=\"justify\"><em>\u00a0<\/em><\/p>\n<p align=\"justify\"><em><b>Entweder oder? \u2013 Weder noch! Seien wir realistisch, versuchen wir das unm\u00f6gliche.<\/b><\/em><\/p>\n<p align=\"justify\"><em>Anders sieht es bei Israel und Pal\u00e4stina aus. Beide Seiten k\u00f6nnen sich vor (falschen) Freunden nicht retten. Israel bekommt bei seiner \u201eerbarmungslosen\u201c Milit\u00e4roffensive R\u00fcckendeckung von Rechtspopulisten, Rassisten, Islamophoben, abgedrehten (Ex)Linken, antisemtisch-christlichen Fundamentalisten und anderen Verteidigern des Abendlandes. Auf die Seite der Hamas und der mit ihr tragischerweise gleichgesetzten pal\u00e4stinensischen Bev\u00f6lkerung schlagen sich sympathische Gestalten wie der t\u00fcrkische Ministerpr\u00e4sident Erdogan, der Iran und andere arabische Regierungen herum, die Israel dringend brauchen um von ihren eigenen Problemen abzulenken und die potentiell aufm\u00fcpfige Bev\u00f6lkerung mit einem gemeinsamen Feindbild ruhigzustellen. Dabei treffen sich in die andere Richtung abgedrehte (Ex)Linke, antisemtisch-islamische Fundamentalisten, Neonazis und Judenhasser aller Coleur. Die Propagandamaschinen beider Lager laufen hei\u00df, mit der best\u00e4ndigen Wiederholung, die Welt\u00f6ffentlichkeit w\u00fcrde sich sowieso nur mit dem Leid der Gegenseite besch\u00e4ftigen. Erkl\u00e4rt wird dies wahlweise mit dem weltweit existierenden Antisemitismus der Medien oder eben der weltweiten j\u00fcdischen Steuerung genau dieser Medien.<\/em><\/p>\n<p align=\"justify\"><em>Es scheint, dass beim Thema Israel-Pal\u00e4stina s\u00e4mtliche Sicherheitssysteme durchknallen und alle Ma\u00dfst\u00e4be, die ansonsten gelten, \u00fcber den Haufen geworfen werden. Dass im Krieg gelogen wird und zwar von jeder Seite, scheint nicht mehr bekannt zu sein. Parteilichkeit ist offensichtlich eine Pflicht und wer sich nicht klar und deutlich f\u00fcr die eine Seite bekennt, steht automatisch auf der Gegenseite und ist ein Feind. Doch so einfach wollen wir es den Kriegstreibern nicht machen. Wir lassen uns nicht vereinnahmen! Weder von rassistischen IDF-Fans noch von islamischen Fundamentalisten und Antisemiten. Wir stehen ein f\u00fcr die Ideale einer weltweit befreiten Gesellschaft und sagen NEIN zu einem geistesgest\u00f6rten Krieg, an dem so ziemlich alles falsch ist, was nur falsch sein kann. Wir verurteilen die Luftangriffe und milit\u00e4rischen Operationen der IDF, die hunderten unschuldigen Pal\u00e4stinensern das Leben kostet. Wir verurteilen auch die politischen und milit\u00e4rische Strategie der reaktion\u00e4ren Hamas, die den Pal\u00e4stinensischen Widerstand in eine fatale Sackgasse f\u00fchrt. Eine erneute Militarisierung des Konfliktes kommt auch ihr grade Recht um von ihrer desastr\u00f6sen politischen Bilanz abzulenken. Ihre Raketenangriffe zielen dabei darauf, die israelische Zivilbev\u00f6lkerung zu treffen und nur ihrer massiven milit\u00e4rischen Unterlegenheit ist es zu verdanken, dass der \u201eDeath Count\u201c auf israelischen Seite bescheiden ausf\u00e4llt. Wir haben keinen Zweifel, dass die Hamas, h\u00e4tte sie die milit\u00e4rische Feuerkraft der israelischen Armee, diese ohne zu Z\u00f6gern gegen die israelische Bev\u00f6lkerung einsetzten w\u00fcrde. Jedoch ist diese milit\u00e4rische Unterlegenheit der Hamas auch kein Zufall der Geschichte oder auf die notorische Unf\u00e4higkeit der \u201ebarbarischen\u201c Araber zur\u00fcckzuf\u00fchren, sondern das Ergebnis von \u00fcber 100 Jahren kolonialistischer und imperialistischer Unterwerfungspolitik des Westens, f\u00fcr die Israel neben der T\u00fcrkei der wichtigste Statthalter in der Region ist. Wir verurteilen die rassistische Verh\u00f6hnung der Opfer, die im Rahmen einer bedingungslosen Israel-Solidarit\u00e4t geschieht, ebenso wie die antisemitischen und judenfeindlichen \u00dcbergriffe der letzten Tage, die im Rahmen der Pal\u00e4stina-Solidarit\u00e4t ver\u00fcbt wurden. Wir solidarisieren uns mit allen Gruppen und Parteien in Israel und Pal\u00e4stina, die sich gegen die imperialistische Politik der Nationalisten und den religi\u00f6sen Wahn der Islamisten wenden, egal wie klein, egal wie unbedeutend, egal wie wenige sie sind.<\/em><\/p>\n<p align=\"justify\"><em>Unsere Solidarit\u00e4t gilt den Menschen die unter dem Krieg zu leiden haben. Unsere Solidarit\u00e4t gilt den linken Gruppierungen, LGBTs, und Graswurzelbewegungen, die durch die reaktion\u00e4re Herrschaft der Hamas unterdr\u00fcckt werden, genauso wie den linken Aktivisten in Israel, die von zionistischen Rechtsextremisten und der Polizei angegriffen werden. Unsere Solidarit\u00e4t gilt J\u00fcdinnen und Juden auf der ganzen Welt, die in diesen Tagen mit Hass und Diffamierungen \u00fcberzogen werden und pers\u00f6nlich f\u00fcr die Politik der israelischen Regierung verantwortlich gemacht werden. Wir verurteilen diese Angriffe aufs sch\u00e4rfste, genauso wie wir die Angriffe auf das Leben der unz\u00e4hligen pal\u00e4stinensischen Frauen, M\u00e4nner und Kinder verurteilen, die in diesem Wahnwitz ermordet wurden. Jeder Tote ist genau ein Toter zu viel und um jeden Toten trauert eine Frau, eine Mutter, ein Vater, ein Bruder, eine Tochter oder ein Sohn, weil der geliebte Mensch nicht mehr nach Hause kommen wird und fehlt. Stoppt diesen Wahnsinn! Entweder Israel oder Pal\u00e4stina? Entweder Assad oder ISIS? Diese Frage stellt sich f\u00fcr uns nicht.<\/em><\/p>\n<p align=\"justify\"><em>F\u00fcr die Menschen in Rojava, die linken Kr\u00e4fte in Pal\u00e4stina und Israel stellen sich nur Fragen der Menschlichkeit: Entweder Faschismus oder Freiheit? Entweder Rassenhass oder friedliches Miteinander? Entweder Nationalstaat oder befreite Gesellschaft? Entweder Unterdr\u00fcckung oder Gleichheit f\u00fcr alle? Entweder Ausbeutung oder ein Leben in W\u00fcrde? Entweder kolonialer Imperialismus oder Selbstbestimmung? Entweder Krieg oder Friede? Entweder oder?<\/em><\/p>\n<p align=\"justify\"><em>\u00a0<\/em><\/p>\n<p align=\"justify\"><em>Solidarit\u00e4t mit den Menschen im Gaza-Streifen und Koban\u00e9!<\/em><\/p>\n<p align=\"justify\"><em>Gegen Imperialismus, Besatzung, Nationalismus, Antisemitismus und Fundamentalismus!<\/em><\/p>\n<p align=\"justify\"><strong>Demo \/ Donnerstag \/ 24.Juli \/ 19 Uhr \/ Kottbusser Tor<\/strong><\/p>\n<p align=\"justify\">(<a title=\"24.Juli: Stoppt das Morden \u2013 Das Schweigen brechen\" href=\"http:\/\/arab.blogsport.de\/2014\/07\/23\/24-juli-stoppt-das-morden-das-schweigen-brechen\/\" target=\"_blank\" rel=\"noopener\">http:\/\/arab.blogsport.de\/2014\/07\/23\/24-juli-stoppt-das-morden-das-schweigen-brechen\/<\/a>)<\/p>\n\n\n\n\t<div class=\"dkpdf-button-container\" style=\" text-align:center \">\n\n\t\t<a class=\"dkpdf-button\" href=\"\/es\/wp-json\/wp\/v2\/posts\/2457?pdf=2457\" target=\"_blank\"><span class=\"dkpdf-button-icon\"><i class=\"fa fa-file-pdf-o\"><\/i><\/span> PDF<\/a>\n\n\t<\/div>\n\n\n\n\n\n<div class=\"twoclick_social_bookmarks_post_2457 social_share_privacy clearfix 1.6.4 locale-es_ES sprite-de_DE\"><\/div><div class=\"twoclick-js\"><script type=\"text\/javascript\">\/* <![CDATA[ *\/\njQuery(document).ready(function($){if($('.twoclick_social_bookmarks_post_2457')){$('.twoclick_social_bookmarks_post_2457').socialSharePrivacy({\"services\":{\"facebook\":{\"status\":\"on\",\"txt_info\":\"2 Klicks f\\u00fcr mehr Datenschutz: Erst wenn Sie hier klicken, wird der Button aktiv und Sie k\\u00f6nnen Ihre Empfehlung an Facebook senden. Schon beim Aktivieren werden Daten an Dritte \\u00fcbertragen - siehe <em>i<\\\/em>.\",\"perma_option\":\"off\",\"action\":\"recommend\",\"language\":\"de_DE\"},\"twitter\":{\"reply_to\":\"\",\"tweet_text\":\"%20Stoppt%20das%20Morden%20%E2%80%93%20Das%20Schweigen%20brechen%20%C2%BB%20Tintenwolf%20%23abgeschrieben%20...\",\"status\":\"on\",\"txt_info\":\"2 Klicks f\\u00fcr mehr Datenschutz: Erst wenn Sie hier klicken, wird der Button aktiv und Sie k\\u00f6nnen Ihre Empfehlung an Twitter senden. Schon beim Aktivieren werden Daten an Dritte \\u00fcbertragen - siehe <em>i<\\\/em>.\",\"perma_option\":\"off\",\"language\":\"de\",\"referrer_track\":\"\"},\"gplus\":{\"status\":\"on\",\"txt_info\":\"2 Klicks f\\u00fcr mehr Datenschutz: Erst wenn Sie hier klicken, wird der Button aktiv und Sie k\\u00f6nnen Ihre Empfehlung an Google+ senden. Schon beim Aktivieren werden Daten an Dritte \\u00fcbertragen - siehe <em>i<\\\/em>.\",\"perma_option\":\"off\",\"referrer_track\":\"\"}},\"txt_help\":\"Wenn Sie diese Felder durch einen Klick aktivieren, werden Informationen an Facebook, Twitter, Flattr, Xing, t3n, LinkedIn, Pinterest oder Google eventuell ins Ausland \\u00fcbertragen und unter Umst\\u00e4nden auch dort gespeichert. N\\u00e4heres erfahren Sie durch einen Klick auf das <em>i<\\\/em>.\",\"settings_perma\":\"Dauerhaft aktivieren und Daten\\u00fcber-tragung zustimmen:\",\"info_link\":\"http:\\\/\\\/www.heise.de\\\/ct\\\/artikel\\\/2-Klicks-fuer-mehr-Datenschutz-1333879.html\",\"uri\":\"https:\\\/\\\/tintenwolf.mrkeks.net\\\/es\\\/stoppt-das-morden-das-schweigen-brechen\\\/\",\"post_id\":2457,\"post_title_referrer_track\":\"Stoppt+das+Morden+%E2%80%93+Das+Schweigen+brechen\",\"display_infobox\":\"off\"});}});\n\/* ]]> *\/<\/script><\/div>","protected":false},"excerpt":{"rendered":"<p>Ein Aufruf zu einer Friedensdemo am 24.07. um 19:00 Uhr am Kotti, den ich auf jeden Fall teilen m\u00f6chte, einfach weil er eines der differenziertesten Statements zum Thema Nahost enth\u00e4lt,<\/p>\n","protected":false},"author":3,"featured_media":0,"comment_status":"closed","ping_status":"closed","sticky":false,"template":"","format":"standard","meta":{"footnotes":""},"categories":[5],"tags":[65,41,34,27,57],"class_list":["post-2457","post","type-post","status-publish","format-standard","hentry","category-textos-del-politico","tag-abgeschrieben","tag-befangenschaft","tag-krieg-frieden","tag-nahostkonflikt","tag-widerstand"],"_links":{"self":[{"href":"https:\/\/tintenwolf.mrkeks.net\/es\/wp-json\/wp\/v2\/posts\/2457","targetHints":{"allow":["GET"]}}],"collection":[{"href":"https:\/\/tintenwolf.mrkeks.net\/es\/wp-json\/wp\/v2\/posts"}],"about":[{"href":"https:\/\/tintenwolf.mrkeks.net\/es\/wp-json\/wp\/v2\/types\/post"}],"author":[{"embeddable":true,"href":"https:\/\/tintenwolf.mrkeks.net\/es\/wp-json\/wp\/v2\/users\/3"}],"replies":[{"embeddable":true,"href":"https:\/\/tintenwolf.mrkeks.net\/es\/wp-json\/wp\/v2\/comments?post=2457"}],"version-history":[{"count":18,"href":"https:\/\/tintenwolf.mrkeks.net\/es\/wp-json\/wp\/v2\/posts\/2457\/revisions"}],"predecessor-version":[{"id":8022,"href":"https:\/\/tintenwolf.mrkeks.net\/es\/wp-json\/wp\/v2\/posts\/2457\/revisions\/8022"}],"wp:attachment":[{"href":"https:\/\/tintenwolf.mrkeks.net\/es\/wp-json\/wp\/v2\/media?parent=2457"}],"wp:term":[{"taxonomy":"category","embeddable":true,"href":"https:\/\/tintenwolf.mrkeks.net\/es\/wp-json\/wp\/v2\/categories?post=2457"},{"taxonomy":"post_tag","embeddable":true,"href":"https:\/\/tintenwolf.mrkeks.net\/es\/wp-json\/wp\/v2\/tags?post=2457"}],"curies":[{"name":"wp","href":"https:\/\/api.w.org\/{rel}","templated":true}]}}