{"id":2120,"date":"2014-06-14T01:16:57","date_gmt":"2014-06-13T23:16:57","guid":{"rendered":"http:\/\/tintenwolf.mrkeks.net\/?p=2120"},"modified":"2016-06-27T14:32:59","modified_gmt":"2016-06-27T12:32:59","slug":"gesa-knastgedicht","status":"publish","type":"post","link":"https:\/\/tintenwolf.mrkeks.net\/es\/gesa-knastgedicht\/","title":{"rendered":"GeSa-\/Knastgedicht"},"content":{"rendered":"<p style=\"text-align: center;\">Eine Wand ganz fahl und kalt,<br \/>\nbegrenzt mir meine Welt;<br \/>\ndiese Enge heim mir zahlt,<br \/>\ndass euch mein Seien nicht gef\u00e4llt.<\/p>\n<p style=\"text-align: center;\">Konnt&#8217; ich doch niemals widersteh&#8217;n,<br \/>\neuch meine Meinung zu verk\u00fcnden,<br \/>\nkann nicht einfach mitanseh&#8217;n,<br \/>\nwie sie fordern, wieder Menschen anzuz\u00fcnden.<\/p>\n<p style=\"text-align: center;\">Daf\u00fcr bekam den Kn\u00fcppel ich zu sp\u00fcr&#8217;n,<br \/>\nwurd&#8217; verschleppt und eingesperrt;<br \/>\nwer von euch sich nicht l\u00e4sst f\u00fchr&#8217;n,<br \/>\ndem wird jedes Recht verwehrt.<\/p>\n<p style=\"text-align: center;\">Eine Wand ganz fahl und kalt,<br \/>\nbegrenzt mir meine Welt;<br \/>\ndiese Enge heim mir zahlt,<br \/>\ndass euch mein Seien nicht gef\u00e4llt.<\/p>\n<p>&nbsp;<\/p>\n<p><span style=\"font-size: 8pt;\"><a href=\"http:\/\/creativecommons.org\/licenses\/by-nc-nd\/3.0\/de\/\" target=\"_blank\">Creative Commons CC BY-NC-ND<\/a> by Meas Wolfstatze<br \/>\n(geschrieben am 12.04.2014)<\/span><\/p>\n\n\n\n\t<div class=\"dkpdf-button-container\" style=\" text-align:center \">\n\n\t\t<a class=\"dkpdf-button\" href=\"\/es\/wp-json\/wp\/v2\/posts\/2120?pdf=2120\" target=\"_blank\"><span class=\"dkpdf-button-icon\"><i class=\"fa fa-file-pdf-o\"><\/i><\/span> PDF<\/a>\n\n\t<\/div>\n\n\n\n\n\n<div class=\"twoclick_social_bookmarks_post_2120 social_share_privacy clearfix 1.6.4 locale-es_ES sprite-de_DE\"><\/div><div class=\"twoclick-js\"><script type=\"text\/javascript\">\/* <![CDATA[ *\/\njQuery(document).ready(function($){if($('.twoclick_social_bookmarks_post_2120')){$('.twoclick_social_bookmarks_post_2120').socialSharePrivacy({\"services\":{\"facebook\":{\"status\":\"on\",\"txt_info\":\"2 Klicks f\\u00fcr mehr Datenschutz: Erst wenn Sie hier klicken, wird der Button aktiv und Sie k\\u00f6nnen Ihre Empfehlung an Facebook senden. Schon beim Aktivieren werden Daten an Dritte \\u00fcbertragen - siehe <em>i<\\\/em>.\",\"perma_option\":\"off\",\"action\":\"recommend\",\"language\":\"de_DE\"},\"twitter\":{\"reply_to\":\"\",\"tweet_text\":\"GeSa-%2FKnastgedicht%20%C2%BB%20Tintenwolf%20%23gefangenschaft%20%23repression\",\"status\":\"on\",\"txt_info\":\"2 Klicks f\\u00fcr mehr Datenschutz: Erst wenn Sie hier klicken, wird der Button aktiv und Sie k\\u00f6nnen Ihre Empfehlung an Twitter senden. Schon beim Aktivieren werden Daten an Dritte \\u00fcbertragen - siehe <em>i<\\\/em>.\",\"perma_option\":\"off\",\"language\":\"de\",\"referrer_track\":\"\"},\"gplus\":{\"status\":\"on\",\"txt_info\":\"2 Klicks f\\u00fcr mehr Datenschutz: Erst wenn Sie hier klicken, wird der Button aktiv und Sie k\\u00f6nnen Ihre Empfehlung an Google+ senden. Schon beim Aktivieren werden Daten an Dritte \\u00fcbertragen - siehe <em>i<\\\/em>.\",\"perma_option\":\"off\",\"referrer_track\":\"\"}},\"txt_help\":\"Wenn Sie diese Felder durch einen Klick aktivieren, werden Informationen an Facebook, Twitter, Flattr, Xing, t3n, LinkedIn, Pinterest oder Google eventuell ins Ausland \\u00fcbertragen und unter Umst\\u00e4nden auch dort gespeichert. N\\u00e4heres erfahren Sie durch einen Klick auf das <em>i<\\\/em>.\",\"settings_perma\":\"Dauerhaft aktivieren und Daten\\u00fcber-tragung zustimmen:\",\"info_link\":\"http:\\\/\\\/www.heise.de\\\/ct\\\/artikel\\\/2-Klicks-fuer-mehr-Datenschutz-1333879.html\",\"uri\":\"https:\\\/\\\/tintenwolf.mrkeks.net\\\/es\\\/gesa-knastgedicht\\\/\",\"post_id\":2120,\"post_title_referrer_track\":\"GeSa-%2FKnastgedicht\",\"display_infobox\":\"off\"});}});\n\/* ]]> *\/<\/script><\/div>","protected":false},"excerpt":{"rendered":"<p>Eine Wand ganz fahl und kalt, begrenzt mir meine Welt; diese Enge heim mir zahlt, dass euch mein Seien nicht gef\u00e4llt. Konnt&#8217; ich doch niemals widersteh&#8217;n, euch meine Meinung zu<\/p>\n","protected":false},"author":3,"featured_media":0,"comment_status":"closed","ping_status":"closed","sticky":false,"template":"","format":"standard","meta":{"footnotes":""},"categories":[21,16,2],"tags":[42,35],"class_list":["post-2120","post","type-post","status-publish","format-standard","hentry","category-poema-de-politico","category-aleman","category-poema","tag-gefangenschaft","tag-repression"],"_links":{"self":[{"href":"https:\/\/tintenwolf.mrkeks.net\/es\/wp-json\/wp\/v2\/posts\/2120","targetHints":{"allow":["GET"]}}],"collection":[{"href":"https:\/\/tintenwolf.mrkeks.net\/es\/wp-json\/wp\/v2\/posts"}],"about":[{"href":"https:\/\/tintenwolf.mrkeks.net\/es\/wp-json\/wp\/v2\/types\/post"}],"author":[{"embeddable":true,"href":"https:\/\/tintenwolf.mrkeks.net\/es\/wp-json\/wp\/v2\/users\/3"}],"replies":[{"embeddable":true,"href":"https:\/\/tintenwolf.mrkeks.net\/es\/wp-json\/wp\/v2\/comments?post=2120"}],"version-history":[{"count":6,"href":"https:\/\/tintenwolf.mrkeks.net\/es\/wp-json\/wp\/v2\/posts\/2120\/revisions"}],"predecessor-version":[{"id":3612,"href":"https:\/\/tintenwolf.mrkeks.net\/es\/wp-json\/wp\/v2\/posts\/2120\/revisions\/3612"}],"wp:attachment":[{"href":"https:\/\/tintenwolf.mrkeks.net\/es\/wp-json\/wp\/v2\/media?parent=2120"}],"wp:term":[{"taxonomy":"category","embeddable":true,"href":"https:\/\/tintenwolf.mrkeks.net\/es\/wp-json\/wp\/v2\/categories?post=2120"},{"taxonomy":"post_tag","embeddable":true,"href":"https:\/\/tintenwolf.mrkeks.net\/es\/wp-json\/wp\/v2\/tags?post=2120"}],"curies":[{"name":"wp","href":"https:\/\/api.w.org\/{rel}","templated":true}]}}