{"id":6325,"date":"2019-04-19T12:02:53","date_gmt":"2019-04-19T10:02:53","guid":{"rendered":"https:\/\/tintenwolf.mrkeks.net\/?p=6325"},"modified":"2020-11-10T12:07:30","modified_gmt":"2020-11-10T10:07:30","slug":"der-ring","status":"publish","type":"post","link":"https:\/\/tintenwolf.mrkeks.net\/en\/der-ring\/","title":{"rendered":"der ring"},"content":{"rendered":"<p style=\"text-align: center;\">ein wirbel von t\u00fcrkis,<br \/>\nein katzenhafter rausch,<br \/>\nseit jahren nacht f\u00fcr nacht<br \/>\nist&#8217;s dein atmen dem ich lausch&#8217;.<\/p>\n<p style=\"text-align: center;\">so f\u00fcgt als fuge sich zusammen<br \/>\ngedicht sich um gedicht,<br \/>\nsch\u00fctzt mit w\u00e4rme mich vor kaltland,<br \/>\numrahmt noch immer dein gesicht.<\/p>\n<p style=\"text-align: center;\">du bist mein grund, bist meine liebe,<br \/>\ndie mich tr\u00e4gt durch jede welt,<br \/>\nl\u00e4sst mich tr\u00e4umen von dem menschen,<br \/>\nder das sein in liebe h\u00e4lt.<\/p>\n<p style=\"text-align: center;\">so nehme ich den ring entgegen,<br \/>\nbin &#8216;ne kommune l\u00e4ngst mit dir,<br \/>\nwill steh&#8217;n mit dir zusammen,<br \/>\nmein geliebtes katzentier.<\/p>\n<p><span style=\"font-size: 8pt;\"><a href=\"http:\/\/creativecommons.org\/licenses\/by-nc-nd\/3.0\/de\/\" target=\"_blank\" rel=\"noopener noreferrer\">Creative Commons CC BY-NC-ND<\/a> by Tintenwolf<br \/>\n(geschrieben am 28.06.2018)<\/span><\/p>\n\n\n\n\t<div class=\"dkpdf-button-container\" style=\" text-align:center \">\n\n\t\t<a class=\"dkpdf-button\" href=\"\/en\/wp-json\/wp\/v2\/posts\/6325?pdf=6325\" target=\"_blank\"><span class=\"dkpdf-button-icon\"><i class=\"fa fa-file-pdf-o\"><\/i><\/span> PDF<\/a>\n\n\t<\/div>\n\n\n\n\n\n<div class=\"twoclick_social_bookmarks_post_6325 social_share_privacy clearfix 1.6.4 locale-en_GB sprite-de_DE\"><\/div><div class=\"twoclick-js\"><script type=\"text\/javascript\">\/* <![CDATA[ *\/\njQuery(document).ready(function($){if($('.twoclick_social_bookmarks_post_6325')){$('.twoclick_social_bookmarks_post_6325').socialSharePrivacy({\"services\":{\"facebook\":{\"status\":\"on\",\"txt_info\":\"2 Klicks f\\u00fcr mehr Datenschutz: Erst wenn Sie hier klicken, wird der Button aktiv und Sie k\\u00f6nnen Ihre Empfehlung an Facebook senden. Schon beim Aktivieren werden Daten an Dritte \\u00fcbertragen - siehe <em>i<\\\/em>.\",\"perma_option\":\"off\",\"action\":\"recommend\",\"language\":\"de_DE\"},\"twitter\":{\"reply_to\":\"\",\"tweet_text\":\"der%20ring%20%C2%BB%20Tintenwolf%20%23liebe\",\"status\":\"on\",\"txt_info\":\"2 Klicks f\\u00fcr mehr Datenschutz: Erst wenn Sie hier klicken, wird der Button aktiv und Sie k\\u00f6nnen Ihre Empfehlung an Twitter senden. Schon beim Aktivieren werden Daten an Dritte \\u00fcbertragen - siehe <em>i<\\\/em>.\",\"perma_option\":\"off\",\"language\":\"de\",\"referrer_track\":\"\"},\"gplus\":{\"status\":\"on\",\"txt_info\":\"2 Klicks f\\u00fcr mehr Datenschutz: Erst wenn Sie hier klicken, wird der Button aktiv und Sie k\\u00f6nnen Ihre Empfehlung an Google+ senden. Schon beim Aktivieren werden Daten an Dritte \\u00fcbertragen - siehe <em>i<\\\/em>.\",\"perma_option\":\"off\",\"referrer_track\":\"\"}},\"txt_help\":\"Wenn Sie diese Felder durch einen Klick aktivieren, werden Informationen an Facebook, Twitter, Flattr, Xing, t3n, LinkedIn, Pinterest oder Google eventuell ins Ausland \\u00fcbertragen und unter Umst\\u00e4nden auch dort gespeichert. N\\u00e4heres erfahren Sie durch einen Klick auf das <em>i<\\\/em>.\",\"settings_perma\":\"Dauerhaft aktivieren und Daten\\u00fcber-tragung zustimmen:\",\"info_link\":\"http:\\\/\\\/www.heise.de\\\/ct\\\/artikel\\\/2-Klicks-fuer-mehr-Datenschutz-1333879.html\",\"uri\":\"https:\\\/\\\/tintenwolf.mrkeks.net\\\/en\\\/der-ring\\\/\",\"post_id\":6325,\"post_title_referrer_track\":\"der+ring\",\"display_infobox\":\"off\"});}});\n\/* ]]> *\/<\/script><\/div>","protected":false},"excerpt":{"rendered":"<p>ein wirbel von t\u00fcrkis, ein katzenhafter rausch, seit jahren nacht f\u00fcr nacht ist&#8217;s dein atmen dem ich lausch&#8217;. so f\u00fcgt als fuge sich zusammen gedicht sich um gedicht, sch\u00fctzt mit<\/p>\n","protected":false},"author":3,"featured_media":0,"comment_status":"closed","ping_status":"closed","sticky":false,"template":"","format":"standard","meta":{"footnotes":""},"categories":[16,2,12],"tags":[49],"class_list":["post-6325","post","type-post","status-publish","format-standard","hentry","category-german","category-poem","category-love-poem","tag-liebe"],"_links":{"self":[{"href":"https:\/\/tintenwolf.mrkeks.net\/en\/wp-json\/wp\/v2\/posts\/6325","targetHints":{"allow":["GET"]}}],"collection":[{"href":"https:\/\/tintenwolf.mrkeks.net\/en\/wp-json\/wp\/v2\/posts"}],"about":[{"href":"https:\/\/tintenwolf.mrkeks.net\/en\/wp-json\/wp\/v2\/types\/post"}],"author":[{"embeddable":true,"href":"https:\/\/tintenwolf.mrkeks.net\/en\/wp-json\/wp\/v2\/users\/3"}],"replies":[{"embeddable":true,"href":"https:\/\/tintenwolf.mrkeks.net\/en\/wp-json\/wp\/v2\/comments?post=6325"}],"version-history":[{"count":2,"href":"https:\/\/tintenwolf.mrkeks.net\/en\/wp-json\/wp\/v2\/posts\/6325\/revisions"}],"predecessor-version":[{"id":7173,"href":"https:\/\/tintenwolf.mrkeks.net\/en\/wp-json\/wp\/v2\/posts\/6325\/revisions\/7173"}],"wp:attachment":[{"href":"https:\/\/tintenwolf.mrkeks.net\/en\/wp-json\/wp\/v2\/media?parent=6325"}],"wp:term":[{"taxonomy":"category","embeddable":true,"href":"https:\/\/tintenwolf.mrkeks.net\/en\/wp-json\/wp\/v2\/categories?post=6325"},{"taxonomy":"post_tag","embeddable":true,"href":"https:\/\/tintenwolf.mrkeks.net\/en\/wp-json\/wp\/v2\/tags?post=6325"}],"curies":[{"name":"wp","href":"https:\/\/api.w.org\/{rel}","templated":true}]}}