{"id":5910,"date":"2017-08-25T16:40:26","date_gmt":"2017-08-25T14:40:26","guid":{"rendered":"http:\/\/tintenwolf.mrkeks.net\/?p=5910"},"modified":"2024-10-03T00:28:28","modified_gmt":"2024-10-02T22:28:28","slug":"ueber-die-luege-von-meinungs-und-pressefreiheit","status":"publish","type":"post","link":"https:\/\/tintenwolf.mrkeks.net\/en\/ueber-die-luege-von-meinungs-und-pressefreiheit\/","title":{"rendered":"\u00dcber die L\u00fcge von Meinungs- und Pressefreiheit \u2013 wie ein autorit\u00e4res Regime Grundrechte in den Staub tritt"},"content":{"rendered":"<p lang=\"de-DE\" align=\"justify\">Wie gerne wird uns in den Nachrichten erz\u00e4hlt, dass in der BRD Meinungs- und Pressefreiheit existieren w\u00fcrden. Dabei wird auf das Grundgesetz verwiesen, wo sie im Artikel 5 als Grundrechte aufgef\u00fchrt sind.<a class=\"sdfootnoteanc\" href=\"#sdfootnote1sym\" name=\"sdfootnote1anc\"><sup>1<\/sup><\/a> Dass diese \u00bbPressefreiheit\u00ab nur f\u00fcr Konzern- und Systemmedien gilt und eine au\u00dferparlamentarische Opposition kein Recht auf eine eigene Meinung hat, wird dabei gerne verschwiegen. Zensur ist ein Element, welches autorit\u00e4re Regime wie die Lobbykratie der BRD zur totalen Durchdringung der Gesellschaft mit ihrer lebens- und freiheitsverachtenden Ideologie ben\u00f6tigen. Es wundert somit nicht, dass die linke Tageszeitung \u00bbjunge Welt\u00ab vom sogenannten Verfassungsschutz ausgespitzelt wird<a class=\"sdfootnoteanc\" href=\"#sdfootnote2sym\" name=\"sdfootnote2anc\"><sup>2<\/sup><\/a> und das linksalternative Nachrichtenportal linksunten.indymedia.org heute durch die Schergen der Diktatur abgeschaltet wurde.<a class=\"sdfootnoteanc\" href=\"#sdfootnote3sym\" name=\"sdfootnote3anc\"><sup>3<\/sup><\/a> Die Frage stellt sich, wann es in Deutschland wieder soweit ist, dass das Aussprechen einer oppositionellen Meinung zum n\u00e4chtlichen Verschwinden f\u00fchrt und das Schreiben eines solchen Beitrags wie diesem auf einem Blog somit eine Gefahr f\u00fcr Leib und Leben darstellt. Einen Schritt in die Richtung dieser Dystopie haben die Scharfmacher*innen im Innenministerium heute getan. Anscheinend ist das, was Erdogan in der T\u00fcrkei vormacht, doch ansprechender f\u00fcr die Parteibonzen an der Spitze der angeblichen Republik, als sie es gerne zugeben.<\/p>\n<p lang=\"de-DE\" align=\"justify\"><b>Gegen die Zensur von Presse und Meinung!<br \/>\nF\u00fcr ein Ende von Diktatur und Kapital!<br \/>\nEs lebe die Freiheit!<\/b><\/p>\n<p>\u00a0<\/p>\n<p><!--more--><\/p>\n<div id=\"sdfootnote1\">\n<p class=\"sdfootnote\"><a class=\"sdfootnotesym\" href=\"#sdfootnote1anc\" name=\"sdfootnote1sym\">1<\/a> <a href=\"https:\/\/dejure.org\/gesetze\/GG\/5.html\"><span style=\"color: #990000;\"><i>https:\/\/dejure.org\/gesetze\/GG\/5.html<\/i><\/span><\/a><\/p>\n<\/div>\n<div id=\"sdfootnote2\">\n<p class=\"sdfootnote\"><a class=\"sdfootnotesym\" href=\"#sdfootnote2anc\" name=\"sdfootnote2sym\">2<\/a> Lenz, Anselm: \u201e<i>Wir sagen an dieser Stelle einfach mal Danke. Mit Beh\u00f6rdensiegel. Die junge Welt kann als einziges oppositionelles und unabh\u00e4ngiges Blatt der Republik gelten.<\/i>\u201c, in: <i>Junge Welt Tagesztg. Nr 2017-153<\/i> (2017), S.\u00a01; Bundesministerium des Innern und Bundesamt f\u00fcr Verfassungsschutz (Hrsg.): <i>Verfassungsschutzbericht 2016<\/i>, Berlin: Bundesministerium des Innern 2017, S.\u00a0152.<\/p>\n<\/div>\n<div id=\"sdfootnote3\">\n<p class=\"sdfootnote\"><a class=\"sdfootnotesym\" href=\"#sdfootnote3anc\" name=\"sdfootnote3sym\">3<\/a> Perspektive Online: \u201e<i>Innenministerium verbietet linkes Nachrichtenportal \u201alinksunten.indymedia.org\u2018<\/i>\u201c, de.indymedia.org 2017, <a href=\"https:\/\/de.indymedia.org\/node\/13517\" target=\"_blank\" rel=\"noopener\">https:\/\/de.indymedia.org\/node\/13517<\/a> (abgerufen am 25.08.2017); \u201e<i>Indymedia ins Off geschickt. Bundesinnenministerium verbietet linke Internetplattform<\/i>\u201c, in: <i>Junge Welt Tagesztg. Online Spez.<\/i> (2017), <a href=\"https:\/\/www.jungewelt.de\/artikel\/317174\" target=\"_blank\" rel=\"noopener\">https:\/\/www.jungewelt.de\/artikel\/317174<\/a> (abgerufen am 25.08.2017).<\/p>\n<\/div>\n\n\n\n\t<div class=\"dkpdf-button-container\" style=\" text-align:center \">\n\n\t\t<a class=\"dkpdf-button\" href=\"\/en\/wp-json\/wp\/v2\/posts\/5910?pdf=5910\" target=\"_blank\"><span class=\"dkpdf-button-icon\"><i class=\"fa fa-file-pdf-o\"><\/i><\/span> PDF<\/a>\n\n\t<\/div>\n\n\n\n\n\n<div class=\"twoclick_social_bookmarks_post_5910 social_share_privacy clearfix 1.6.4 locale-en_GB sprite-de_DE\"><\/div><div class=\"twoclick-js\"><script type=\"text\/javascript\">\/* <![CDATA[ *\/\njQuery(document).ready(function($){if($('.twoclick_social_bookmarks_post_5910')){$('.twoclick_social_bookmarks_post_5910').socialSharePrivacy({\"services\":{\"facebook\":{\"status\":\"on\",\"txt_info\":\"2 Klicks f\\u00fcr mehr Datenschutz: Erst wenn Sie hier klicken, wird der Button aktiv und Sie k\\u00f6nnen Ihre Empfehlung an Facebook senden. Schon beim Aktivieren werden Daten an Dritte \\u00fcbertragen - siehe <em>i<\\\/em>.\",\"perma_option\":\"off\",\"action\":\"recommend\",\"language\":\"de_DE\"},\"twitter\":{\"reply_to\":\"\",\"tweet_text\":\"%20%C3%9Cber%20die%20L%C3%BCge%20von%20Meinungs-%20und%20Pressefreiheit%20%E2%80%93%20wie%20ein%20...\",\"status\":\"on\",\"txt_info\":\"2 Klicks f\\u00fcr mehr Datenschutz: Erst wenn Sie hier klicken, wird der Button aktiv und Sie k\\u00f6nnen Ihre Empfehlung an Twitter senden. Schon beim Aktivieren werden Daten an Dritte \\u00fcbertragen - siehe <em>i<\\\/em>.\",\"perma_option\":\"off\",\"language\":\"de\",\"referrer_track\":\"\"},\"gplus\":{\"status\":\"on\",\"txt_info\":\"2 Klicks f\\u00fcr mehr Datenschutz: Erst wenn Sie hier klicken, wird der Button aktiv und Sie k\\u00f6nnen Ihre Empfehlung an Google+ senden. Schon beim Aktivieren werden Daten an Dritte \\u00fcbertragen - siehe <em>i<\\\/em>.\",\"perma_option\":\"off\",\"referrer_track\":\"\"}},\"txt_help\":\"Wenn Sie diese Felder durch einen Klick aktivieren, werden Informationen an Facebook, Twitter, Flattr, Xing, t3n, LinkedIn, Pinterest oder Google eventuell ins Ausland \\u00fcbertragen und unter Umst\\u00e4nden auch dort gespeichert. N\\u00e4heres erfahren Sie durch einen Klick auf das <em>i<\\\/em>.\",\"settings_perma\":\"Dauerhaft aktivieren und Daten\\u00fcber-tragung zustimmen:\",\"info_link\":\"http:\\\/\\\/www.heise.de\\\/ct\\\/artikel\\\/2-Klicks-fuer-mehr-Datenschutz-1333879.html\",\"uri\":\"https:\\\/\\\/tintenwolf.mrkeks.net\\\/en\\\/ueber-die-luege-von-meinungs-und-pressefreiheit\\\/\",\"post_id\":5910,\"post_title_referrer_track\":\"%C3%9Cber+die+L%C3%BCge+von+Meinungs-+und+Pressefreiheit+%E2%80%93+wie+ein+autorit%C3%A4res+Regime+Grundrechte+in+den+Staub+tritt\",\"display_infobox\":\"off\"});}});\n\/* ]]> *\/<\/script><\/div>","protected":false},"excerpt":{"rendered":"<p>Wie gerne wird uns in den Nachrichten erz\u00e4hlt, dass in der BRD Meinungs- und Pressefreiheit existieren w\u00fcrden. Dabei wird auf das Grundgesetz verwiesen, wo sie im Artikel 5 als Grundrechte<\/p>\n","protected":false},"author":3,"featured_media":0,"comment_status":"closed","ping_status":"closed","sticky":false,"template":"","format":"standard","meta":{"footnotes":""},"categories":[5],"tags":[42,54,134],"class_list":["post-5910","post","type-post","status-publish","format-standard","hentry","category-political-stuff","tag-gefangenschaft","tag-herrschaft","tag-zensur"],"_links":{"self":[{"href":"https:\/\/tintenwolf.mrkeks.net\/en\/wp-json\/wp\/v2\/posts\/5910","targetHints":{"allow":["GET"]}}],"collection":[{"href":"https:\/\/tintenwolf.mrkeks.net\/en\/wp-json\/wp\/v2\/posts"}],"about":[{"href":"https:\/\/tintenwolf.mrkeks.net\/en\/wp-json\/wp\/v2\/types\/post"}],"author":[{"embeddable":true,"href":"https:\/\/tintenwolf.mrkeks.net\/en\/wp-json\/wp\/v2\/users\/3"}],"replies":[{"embeddable":true,"href":"https:\/\/tintenwolf.mrkeks.net\/en\/wp-json\/wp\/v2\/comments?post=5910"}],"version-history":[{"count":7,"href":"https:\/\/tintenwolf.mrkeks.net\/en\/wp-json\/wp\/v2\/posts\/5910\/revisions"}],"predecessor-version":[{"id":7977,"href":"https:\/\/tintenwolf.mrkeks.net\/en\/wp-json\/wp\/v2\/posts\/5910\/revisions\/7977"}],"wp:attachment":[{"href":"https:\/\/tintenwolf.mrkeks.net\/en\/wp-json\/wp\/v2\/media?parent=5910"}],"wp:term":[{"taxonomy":"category","embeddable":true,"href":"https:\/\/tintenwolf.mrkeks.net\/en\/wp-json\/wp\/v2\/categories?post=5910"},{"taxonomy":"post_tag","embeddable":true,"href":"https:\/\/tintenwolf.mrkeks.net\/en\/wp-json\/wp\/v2\/tags?post=5910"}],"curies":[{"name":"wp","href":"https:\/\/api.w.org\/{rel}","templated":true}]}}