{"id":5824,"date":"2017-06-09T20:34:50","date_gmt":"2017-06-09T18:34:50","guid":{"rendered":"http:\/\/tintenwolf.mrkeks.net\/?p=5824"},"modified":"2024-10-03T00:29:13","modified_gmt":"2024-10-02T22:29:13","slug":"gewerkschaftskampf-im-plastikmeer","status":"publish","type":"post","link":"https:\/\/tintenwolf.mrkeks.net\/en\/gewerkschaftskampf-im-plastikmeer\/","title":{"rendered":"Gewerkschaftskampf im Plastikmeer von Almer\u00eda \u2013 Interbrigadas meets FAU"},"content":{"rendered":"<p>Am 16.06.2017 findet ab 19:00 Uhr im Gewerkschaftslokal der <a href=\"https:\/\/berlin.fau.org\/\" target=\"_blank\" rel=\"noopener noreferrer\">FAU Berlin<\/a> (Gr\u00fcntaler Stra\u00dfe 24, Berlin 13357) eine Infoveranstaltung der <a href=\"http:\/\/www.interbrigadas.org\/\" target=\"_blank\" rel=\"noopener noreferrer\">Interbrigadas<\/a> zu <a href=\"https:\/\/tintenwolf.mrkeks.net\/en\/bericht-der-interbrigadas-zur-brigade-berta-caceres\/\">unserer Unterst\u00fctzung der Gewerkschaftsk\u00e4mpfe im andalusischen Almer\u00eda<\/a> statt. Kommt vorbei&#8230;<\/p>\n<p style=\"padding-left: 30px; text-align: justify;\"><em>Im Plastikmeer von Almer\u00eda schuften circa 80.000 Migrant*innen unter <a href=\"https:\/\/www.youtube.com\/watch?v=QTcPg_9JkKA\" target=\"_blank\" rel=\"noopener\">unmenschlichen Bedinungen<\/a> f\u00fcr unser billiges Gem\u00fcse. Gewerkschafter*innen der SOC-SAT setzen sich f\u00fcr die Rechte der migrantischen Arbeiter*innen ein. Der Interbrigadas e.V. unterst\u00fctzt den Kampf der Gewerkschaft.<\/em><!--more--><\/p>\n<p style=\"padding-left: 30px; text-align: justify;\"><em>Auf 35.000 Hektar Gesamtfl\u00e4che stehen in der Region Almeria so viele Gew\u00e4chsh\u00e4user wie an keinem anderen Ort in der Europa. Dort w\u00e4chst alles das, was wir tagt\u00e4glich frisch und preiswert in den Obst- und Gem\u00fcseregalen der Superm\u00e4rkte in Deutschland, Frankreich und Gro\u00dfbritannien kaufen. Die Region Almeria ist der \u201eGem\u00fcse-Garten\u201c Europas. Auf der einen Seite ging es dort wirtschaftlich in den letzten Jahren aufw\u00e4rts. Auf der anderen Seite schuftet der Gro\u00dfteil der migrantischen Arbeiterinnen und Arbeiter unter unmenschlichen Bedingungen. Sch\u00e4tzungsweise die H\u00e4lfte der 80.000 Arbeiterinnen und Arbeiter in den Gew\u00e4chsh\u00e4usern verf\u00fcgen \u00fcber keine Papiere.<\/em><\/p>\n<p style=\"padding-left: 30px; text-align: justify;\"><em>In der vagen Hoffnung darauf, irgendwann einmal einen Aufenthaltstitel und einen richtigen Arbeitsvertrag mit ordentlichen Sozialleistungen zu erhalten, akzeptieren die illegal Besch\u00e4ftigten jede Zumutung: Unertr\u00e4gliche Hitze, \u00dcberstunden, je nach Laune des Chefs ohne Bezahlung und t\u00e4glicher Umgang mit D\u00fcnger und Pestiziden ohne Schutzkleidung. Nach der Arbeit geht es dann \u201enach Hause\u201c: In selbstgezimmerte Baracken aus den Resten der Plastikplanen der Gew\u00e4chsh\u00e4user, den sogenannten \u201eChabolas\u201c. Fairer Lohn f\u00fcr faire Arbeit \u2013 gegen dieses Prinzip versto\u00dfen die \u201eArbeitgeber\u201c in Almeria t\u00e4glich und ohne Skrupel. Und \u201eWir\u201c als Konsumenten profitieren davon.<\/em><\/p>\n<p style=\"padding-left: 30px; text-align: justify;\"><em>Eine Handvoll <a href=\"https:\/\/www.jungewelt.de\/artikel\/308086.%C3%BCber-einzelfall-hinaus.html\" target=\"_blank\" rel=\"noopener\">Gewerkschafter*innen der SOC-SAT<\/a> (Sindicato Andalz de Trabajadores \u2013 andalusische Arbeiter*innengewerkschaft) setzt sich aufopferungsvoll f\u00fcr die Rechte der migrantischen Arbeiter*innen in Almer\u00eda ein. Ob durch Rechtsberatung, Proteste vor den Unternehmenssitzen und vor den Gew\u00e4chshaustoren oder durch Besetzungen und Druck auf die internationalen Vertriebsstrukturen, die Formen des Widerstands und der Selbstorganisierung sind vielf\u00e4ltig. Im Sommer 2016 und im Fr\u00fchjahr 2017 machten wir uns ein Bild vom Engagement der SOC-SAT. W\u00e4hrend mehrw\u00f6chiger Aufenthalte versuchten wir die Gewerkschafter*innen und die Arbeiter*innen in ihrem schwierigen <a href=\"http:\/\/www.interbrigadas.org\/solidaritaetserklaerung-von-interbrigadas-e-v-mit-dem-arbeitskampf-von-22-migrantischen-arbeiterinnen-in-san-isidro-andalusien\/\" target=\"_blank\" rel=\"noopener\">Kampf zu unterst\u00fctzen<\/a>. Zusammen mit euch m\u00f6chten wir unsere Eindr\u00fccke und Erfahrungen diskutieren.<\/em><\/p>\n<ul>\n<li><em><a href=\"http:\/\/www.interbrigadas.org\/veranstaltung\/brigadebericht-berta-caceres-lw-in-suedspanien-2\/\" target=\"_blank\" rel=\"noopener noreferrer\">http:\/\/www.interbrigadas.org\/veranstaltung\/brigadebericht-berta-caceres-lw-in-suedspanien-2\/<\/a><\/em><\/li>\n<li><em><a href=\"https:\/\/berlin.fau.org\/termine\/gewerkschaftskampf-im-plastikmeer-von-almeria\" target=\"_blank\" rel=\"noopener noreferrer\">https:\/\/berlin.fau.org\/termine\/gewerkschaftskampf-im-plastikmeer-von-almeria<\/a><\/em><\/li>\n<\/ul>\n\n\n\n\t<div class=\"dkpdf-button-container\" style=\" text-align:center \">\n\n\t\t<a class=\"dkpdf-button\" href=\"\/en\/wp-json\/wp\/v2\/posts\/5824?pdf=5824\" target=\"_blank\"><span class=\"dkpdf-button-icon\"><i class=\"fa fa-file-pdf-o\"><\/i><\/span> PDF<\/a>\n\n\t<\/div>\n\n\n\n\n\n<div class=\"twoclick_social_bookmarks_post_5824 social_share_privacy clearfix 1.6.4 locale-en_GB sprite-de_DE\"><\/div><div class=\"twoclick-js\"><script type=\"text\/javascript\">\/* <![CDATA[ *\/\njQuery(document).ready(function($){if($('.twoclick_social_bookmarks_post_5824')){$('.twoclick_social_bookmarks_post_5824').socialSharePrivacy({\"services\":{\"facebook\":{\"status\":\"on\",\"txt_info\":\"2 Klicks f\\u00fcr mehr Datenschutz: Erst wenn Sie hier klicken, wird der Button aktiv und Sie k\\u00f6nnen Ihre Empfehlung an Facebook senden. Schon beim Aktivieren werden Daten an Dritte \\u00fcbertragen - siehe <em>i<\\\/em>.\",\"perma_option\":\"off\",\"action\":\"recommend\",\"language\":\"de_DE\"},\"twitter\":{\"reply_to\":\"\",\"tweet_text\":\"%20Gewerkschaftskampf%20im%20Plastikmeer%20von%20Almer%C3%ADa%20%E2%80%93%20Interbrigadas%20meets%20FAU%20...\",\"status\":\"on\",\"txt_info\":\"2 Klicks f\\u00fcr mehr Datenschutz: Erst wenn Sie hier klicken, wird der Button aktiv und Sie k\\u00f6nnen Ihre Empfehlung an Twitter senden. Schon beim Aktivieren werden Daten an Dritte \\u00fcbertragen - siehe <em>i<\\\/em>.\",\"perma_option\":\"off\",\"language\":\"de\",\"referrer_track\":\"\"},\"gplus\":{\"status\":\"on\",\"txt_info\":\"2 Klicks f\\u00fcr mehr Datenschutz: Erst wenn Sie hier klicken, wird der Button aktiv und Sie k\\u00f6nnen Ihre Empfehlung an Google+ senden. Schon beim Aktivieren werden Daten an Dritte \\u00fcbertragen - siehe <em>i<\\\/em>.\",\"perma_option\":\"off\",\"referrer_track\":\"\"}},\"txt_help\":\"Wenn Sie diese Felder durch einen Klick aktivieren, werden Informationen an Facebook, Twitter, Flattr, Xing, t3n, LinkedIn, Pinterest oder Google eventuell ins Ausland \\u00fcbertragen und unter Umst\\u00e4nden auch dort gespeichert. N\\u00e4heres erfahren Sie durch einen Klick auf das <em>i<\\\/em>.\",\"settings_perma\":\"Dauerhaft aktivieren und Daten\\u00fcber-tragung zustimmen:\",\"info_link\":\"http:\\\/\\\/www.heise.de\\\/ct\\\/artikel\\\/2-Klicks-fuer-mehr-Datenschutz-1333879.html\",\"uri\":\"https:\\\/\\\/tintenwolf.mrkeks.net\\\/en\\\/gewerkschaftskampf-im-plastikmeer\\\/\",\"post_id\":5824,\"post_title_referrer_track\":\"Gewerkschaftskampf+im+Plastikmeer+von+Almer%C3%ADa+%E2%80%93+Interbrigadas+meets+FAU\",\"display_infobox\":\"off\"});}});\n\/* ]]> *\/<\/script><\/div>","protected":false},"excerpt":{"rendered":"<p>Am 16.06.2017 findet ab 19:00 Uhr im Gewerkschaftslokal der FAU Berlin (Gr\u00fcntaler Stra\u00dfe 24, Berlin 13357) eine Infoveranstaltung der Interbrigadas zu unserer Unterst\u00fctzung der Gewerkschaftsk\u00e4mpfe im andalusischen Almer\u00eda statt. Kommt<\/p>\n","protected":false},"author":3,"featured_media":0,"comment_status":"closed","ping_status":"closed","sticky":false,"template":"","format":"standard","meta":{"footnotes":""},"categories":[5],"tags":[69,105,114,90,53,79,38,35,111],"class_list":["post-5824","post","type-post","status-publish","format-standard","hentry","category-political-stuff","tag-arbeit-gewerkschaft","tag-freie-arbeiterinnen-union","tag-interbrigadas","tag-internationalismus","tag-kapitalismus","tag-oekologie","tag-refugees","tag-repression","tag-solidaritaet"],"_links":{"self":[{"href":"https:\/\/tintenwolf.mrkeks.net\/en\/wp-json\/wp\/v2\/posts\/5824","targetHints":{"allow":["GET"]}}],"collection":[{"href":"https:\/\/tintenwolf.mrkeks.net\/en\/wp-json\/wp\/v2\/posts"}],"about":[{"href":"https:\/\/tintenwolf.mrkeks.net\/en\/wp-json\/wp\/v2\/types\/post"}],"author":[{"embeddable":true,"href":"https:\/\/tintenwolf.mrkeks.net\/en\/wp-json\/wp\/v2\/users\/3"}],"replies":[{"embeddable":true,"href":"https:\/\/tintenwolf.mrkeks.net\/en\/wp-json\/wp\/v2\/comments?post=5824"}],"version-history":[{"count":4,"href":"https:\/\/tintenwolf.mrkeks.net\/en\/wp-json\/wp\/v2\/posts\/5824\/revisions"}],"predecessor-version":[{"id":7981,"href":"https:\/\/tintenwolf.mrkeks.net\/en\/wp-json\/wp\/v2\/posts\/5824\/revisions\/7981"}],"wp:attachment":[{"href":"https:\/\/tintenwolf.mrkeks.net\/en\/wp-json\/wp\/v2\/media?parent=5824"}],"wp:term":[{"taxonomy":"category","embeddable":true,"href":"https:\/\/tintenwolf.mrkeks.net\/en\/wp-json\/wp\/v2\/categories?post=5824"},{"taxonomy":"post_tag","embeddable":true,"href":"https:\/\/tintenwolf.mrkeks.net\/en\/wp-json\/wp\/v2\/tags?post=5824"}],"curies":[{"name":"wp","href":"https:\/\/api.w.org\/{rel}","templated":true}]}}