{"id":5808,"date":"2017-06-04T20:49:56","date_gmt":"2017-06-04T18:49:56","guid":{"rendered":"http:\/\/tintenwolf.mrkeks.net\/?p=5808"},"modified":"2024-10-03T00:29:31","modified_gmt":"2024-10-02T22:29:31","slug":"kurzerklaerung-rassismus","status":"publish","type":"post","link":"https:\/\/tintenwolf.mrkeks.net\/en\/kurzerklaerung-rassismus\/","title":{"rendered":"Kurzerkl\u00e4rung \u00bbRassismus\u00ab (Selbstverst\u00e4ndnis des Hausprojekts Wilder Vogel)"},"content":{"rendered":"<p>Neulich habe ich die ZDF-Doku \u00bbBlack in the USA\u00ab (<a href=\"https:\/\/www.zdf.de\/dokumentation\/zdfinfo-doku\/black-in-the-usa-rassismus-102.html\" target=\"_blank\" rel=\"noopener noreferrer\">Teil 1<\/a> &amp; <a href=\"https:\/\/www.zdf.de\/dokumentation\/zdfinfo-doku\/black-in-the-usa-geisterstaedte-102.html\" target=\"_blank\" rel=\"noopener noreferrer\">Teil 2<\/a>) gesehen und war erinnert, was ich in meinem Text \u00bb<a href=\"https:\/\/tintenwolf.mrkeks.net\/en\/internationaler-tag-inert\/\">F\u00fcr einen Internationalen Tag gegen Polizei, Staatsgewalt &amp; Herrschaft<\/a>\u00ab zur Thematik festgehalten hatte: \u00bbNoch immer ermorden und dem\u00fctigen in den USA, Europa und anderswo rassistische Cops ungestraft \u203aPeople of Color\u2039. Ein homogenes Bild einer \u203awei\u00dfen\u2039 Gesellschaft scheint vielfach ganz normal.\u00ab Dem Wahnsinn, der sich Rassismus nennt, haben wir auch im Selbstverst\u00e4ndnis vom <a href=\"https:\/\/tintenwolf.mrkeks.net\/en\/hausprojekt-wilder-vogel\/\">Hausprojekt Wilder Vogel<\/a> eine Kurzerkl\u00e4rung gewidmet, die versucht, ihn in wenigen Worten sachlich zu schildern:<\/p>\n<p style=\"padding-left: 30px; text-align: justify;\"><em>Eine m\u00f6gliche Form, bestehende Auspr\u00e4gungen der Privilegierung zu legitimieren und damit Herrschaftsverh\u00e4ltnisse zu zementieren, findet sich im Rassismus. Rassismus ist, \u00e4hnlich wie Antisemitismus oder Sexismus, eine biologistische (vermeintlich biologisch aber pseudowissenschaftlich argumentiert) Zuschreibung von k\u00f6rperlichen und\/oder psychologischen (\u00bbCharakter\u00ab)Eigenschaften. Als Grundlage rassistischer Zuschreibungen dient eine imaginierte Einteilung der Menschheit in urspr\u00fcnglich geographisch gedachte Gro\u00dfgruppen, eben die sogenannten \u00bbRassen\u00ab, denen je unterschiedliche Eigenschaften pauschal zugeteilt und die als vererbbar behauptet werden.<\/em><!--more--><\/p>\n<p style=\"padding-left: 30px; text-align: justify;\"><em>Dies kann auf unterschiedliche Weisen geschehen:<\/p>\n<ul>\n<li style=\"padding-left: 30px; text-align: justify;\">Entweder werden diese Eigenschaften als Kontrast benutzt, um eigene, ebenso imaginierte, Eigenschaften, positiv hervorzuheben,<\/li>\n<li style=\"padding-left: 30px; text-align: justify;\">oder ganz plump, um eine biologistische Rechtfertigung f\u00fcr Ausbeutungsverh\u00e4ltnisse in der \u00bbnat\u00fcrlichen Andersartigkeit\u00ab anderer Menschen zu finden (ein klassisches Beispiel ist die Versklavung von Menschen s\u00fcdlich der Sahara mit der Begr\u00fcndung, \u00bbSchwarze seien eben nicht so intelligent wie Europ\u00e4er, w\u00e4ren aber sehr viel geeigneter, harte k\u00f6rperliche Arbeiten zu verrichten\u00ab).<\/li>\n<\/ul>\n<p><\/em><\/p>\n<p style=\"padding-left: 30px; text-align: justify;\"><em>Mit anderen Worten hat Rassismus die Funktion, das eigene Selbstbild positiver zu gestalten, und damit die eigene Lebensweise, die in den meisten F\u00e4llen selbst davon gepr\u00e4gt ist, den unterschiedlichsten Unterdr\u00fcckungsmechanismen unterworfen zu sein, vor sich selber zu rechtfertigen. Oder er dient der Legitimierung von politischer und\/oder wirtschaftlicher Ausbeutung. In beiden F\u00e4llen lenkt der Rassismus noch immer von den realen Ursachen und Funktionen von Herrschaft und Unterdr\u00fcckung ab.<\/em><\/p>\n<p style=\"padding-left: 30px; text-align: justify;\"><em>Historisch diente der europ\u00e4ische Rassismus als Rechtfertigung der kolonialen Beherrschung der Welt. Diese Funktion nimmt er auch heute noch ein, wenn z.B. L\u00e4nder des globalen S\u00fcdens weiterhin ausgebeutet werden und jene Menschen, die vor den Auswirkungen bspw. Europ\u00e4ischer Wirtschaft fliehen, als \u00bbWirtschaftsfl\u00fcchtlinge\u00ab bezeichnet werden. Herabw\u00fcrdigende Stereotype wie das der \u00bbfaulen Schwarzen\u00ab werden dabei aufgew\u00e4rmt. Auch zur Begr\u00fcndung milit\u00e4rischer Interventionen m\u00fcssen Bilder von \u00bbunzivilisierten\u00ab Anh\u00e4nger*innen \u00bbbarbarischer Religionen\u00ab herhalten, wenn sogenannte Friedensmissionen einer kriegerischen Sicherung europ\u00e4ischer und nordamerikanischer Macht- und Wirtschaftsinteressen dienen. Auch die Behauptung, parlamentarische Demokratie an \u00bbgesellschaftlich Unterentwickelte\u00ab zu vermitteln, ist ein oft verwendetes rassistisches Bild. Daneben st\u00fctzt Rassismus heute vor allem eine Aufwertung des Selbstbildes, durch das die Frustration der europ\u00e4ischen Arbeiter*innen in Richtungen gelenkt werden kann, die keinesfalls etwas mit einem Infragestellen der bestehenden Herrschaftsverh\u00e4ltnisse zu tun haben. Diese Mechanismen eines rassistischen \u00bbVerstehens\u00ab der Welt f\u00fchren zu einer massiven Entsolidarisierung der verschiedensten von Ausbeutung betroffenen Gruppen und tragen so ihrerseits wieder zu einer Pseudolegitimierung des bestehenden Systems bei.<\/em><\/p>\n<p style=\"text-align: center;\"><a href=\"https:\/\/tintenwolf.mrkeks.net\/en\/kurzerklaerung-autoritaere-hierarchische-strukturen\/\">Kurzerkl\u00e4rung \u00bbAutorit\u00e4re\/hierarchische Strukturen\u00ab \u2190<\/a> <a href=\"https:\/\/tintenwolf.mrkeks.net\/en\/kurzerklaerung-antisemitismus\/\">\u2192 Kurzerkl\u00e4rung \u00bbAntisemitismus\u00ab<\/a><\/p>\n<p><span style=\"font-size: 8pt;\">Das Selbstverst\u00e4ndnis (V20170125) steht unter der <a href=\"http:\/\/creativecommons.org\/licenses\/by-nc-nd\/3.0\/de\/\" target=\"_blank\" rel=\"noopener noreferrer\">Creative Commons CC BY-NC-ND<\/a>-Lizenz by Hausprojekt Wilder Vogel e.V.<\/span><\/p>\n\n\n\n\t<div class=\"dkpdf-button-container\" style=\" text-align:center \">\n\n\t\t<a class=\"dkpdf-button\" href=\"\/en\/wp-json\/wp\/v2\/posts\/5808?pdf=5808\" target=\"_blank\"><span class=\"dkpdf-button-icon\"><i class=\"fa fa-file-pdf-o\"><\/i><\/span> PDF<\/a>\n\n\t<\/div>\n\n\n\n\n\n<div class=\"twoclick_social_bookmarks_post_5808 social_share_privacy clearfix 1.6.4 locale-en_GB sprite-de_DE\"><\/div><div class=\"twoclick-js\"><script type=\"text\/javascript\">\/* <![CDATA[ *\/\njQuery(document).ready(function($){if($('.twoclick_social_bookmarks_post_5808')){$('.twoclick_social_bookmarks_post_5808').socialSharePrivacy({\"services\":{\"facebook\":{\"status\":\"on\",\"txt_info\":\"2 Klicks f\\u00fcr mehr Datenschutz: Erst wenn Sie hier klicken, wird der Button aktiv und Sie k\\u00f6nnen Ihre Empfehlung an Facebook senden. Schon beim Aktivieren werden Daten an Dritte \\u00fcbertragen - siehe <em>i<\\\/em>.\",\"perma_option\":\"off\",\"action\":\"recommend\",\"language\":\"de_DE\"},\"twitter\":{\"reply_to\":\"\",\"tweet_text\":\"%20Kurzerkl%C3%A4rung%20%C2%BBRassismus%C2%AB%20%28Selbstverst%C3%A4ndnis%20des%20Hausprojekts%20Wilder%20...\",\"status\":\"on\",\"txt_info\":\"2 Klicks f\\u00fcr mehr Datenschutz: Erst wenn Sie hier klicken, wird der Button aktiv und Sie k\\u00f6nnen Ihre Empfehlung an Twitter senden. Schon beim Aktivieren werden Daten an Dritte \\u00fcbertragen - siehe <em>i<\\\/em>.\",\"perma_option\":\"off\",\"language\":\"de\",\"referrer_track\":\"\"},\"gplus\":{\"status\":\"on\",\"txt_info\":\"2 Klicks f\\u00fcr mehr Datenschutz: Erst wenn Sie hier klicken, wird der Button aktiv und Sie k\\u00f6nnen Ihre Empfehlung an Google+ senden. Schon beim Aktivieren werden Daten an Dritte \\u00fcbertragen - siehe <em>i<\\\/em>.\",\"perma_option\":\"off\",\"referrer_track\":\"\"}},\"txt_help\":\"Wenn Sie diese Felder durch einen Klick aktivieren, werden Informationen an Facebook, Twitter, Flattr, Xing, t3n, LinkedIn, Pinterest oder Google eventuell ins Ausland \\u00fcbertragen und unter Umst\\u00e4nden auch dort gespeichert. N\\u00e4heres erfahren Sie durch einen Klick auf das <em>i<\\\/em>.\",\"settings_perma\":\"Dauerhaft aktivieren und Daten\\u00fcber-tragung zustimmen:\",\"info_link\":\"http:\\\/\\\/www.heise.de\\\/ct\\\/artikel\\\/2-Klicks-fuer-mehr-Datenschutz-1333879.html\",\"uri\":\"https:\\\/\\\/tintenwolf.mrkeks.net\\\/en\\\/kurzerklaerung-rassismus\\\/\",\"post_id\":5808,\"post_title_referrer_track\":\"Kurzerkl%C3%A4rung+%C2%BBRassismus%C2%AB+%28Selbstverst%C3%A4ndnis+des+Hausprojekts+Wilder+Vogel%29\",\"display_infobox\":\"off\"});}});\n\/* ]]> *\/<\/script><\/div>","protected":false},"excerpt":{"rendered":"<p>Neulich habe ich die ZDF-Doku \u00bbBlack in the USA\u00ab (Teil 1 &amp; Teil 2) gesehen und war erinnert, was ich in meinem Text \u00bbF\u00fcr einen Internationalen Tag gegen Polizei, Staatsgewalt<\/p>\n","protected":false},"author":3,"featured_media":0,"comment_status":"closed","ping_status":"closed","sticky":false,"template":"","format":"standard","meta":{"footnotes":""},"categories":[107],"tags":[65,99,85,121,35,117,118],"class_list":["post-5808","post","type-post","status-publish","format-standard","hentry","category-housing-project-wilder-vogel","tag-abgeschrieben","tag-geschichte","tag-hausprojekt","tag-rassismus","tag-repression","tag-selbstverstaendnis","tag-selbstverstaendnis-hausprojekt-wilder-vogel-e-v"],"_links":{"self":[{"href":"https:\/\/tintenwolf.mrkeks.net\/en\/wp-json\/wp\/v2\/posts\/5808","targetHints":{"allow":["GET"]}}],"collection":[{"href":"https:\/\/tintenwolf.mrkeks.net\/en\/wp-json\/wp\/v2\/posts"}],"about":[{"href":"https:\/\/tintenwolf.mrkeks.net\/en\/wp-json\/wp\/v2\/types\/post"}],"author":[{"embeddable":true,"href":"https:\/\/tintenwolf.mrkeks.net\/en\/wp-json\/wp\/v2\/users\/3"}],"replies":[{"embeddable":true,"href":"https:\/\/tintenwolf.mrkeks.net\/en\/wp-json\/wp\/v2\/comments?post=5808"}],"version-history":[{"count":2,"href":"https:\/\/tintenwolf.mrkeks.net\/en\/wp-json\/wp\/v2\/posts\/5808\/revisions"}],"predecessor-version":[{"id":5819,"href":"https:\/\/tintenwolf.mrkeks.net\/en\/wp-json\/wp\/v2\/posts\/5808\/revisions\/5819"}],"wp:attachment":[{"href":"https:\/\/tintenwolf.mrkeks.net\/en\/wp-json\/wp\/v2\/media?parent=5808"}],"wp:term":[{"taxonomy":"category","embeddable":true,"href":"https:\/\/tintenwolf.mrkeks.net\/en\/wp-json\/wp\/v2\/categories?post=5808"},{"taxonomy":"post_tag","embeddable":true,"href":"https:\/\/tintenwolf.mrkeks.net\/en\/wp-json\/wp\/v2\/tags?post=5808"}],"curies":[{"name":"wp","href":"https:\/\/api.w.org\/{rel}","templated":true}]}}