{"id":2261,"date":"2014-07-07T15:35:18","date_gmt":"2014-07-07T13:35:18","guid":{"rendered":"http:\/\/tintenwolf.mrkeks.net\/?p=2261"},"modified":"2019-11-25T01:15:36","modified_gmt":"2019-11-24T23:15:36","slug":"record-release-party-2014-07-27","status":"publish","type":"post","link":"https:\/\/tintenwolf.mrkeks.net\/en\/record-release-party-2014-07\/","title":{"rendered":"Record Release Party \u00bb&#8230; als ich mir nicht anders zu helfen wusste.\u00ab"},"content":{"rendered":"<p><a href=\"https:\/\/tintenwolf.mrkeks.net\/wp-content\/uploads\/2014\/07\/2014-07-27_-_plakat_release_00b.jpg\"  data-fancybox=\"gallery\" rel=\"group-2261\"><img loading=\"lazy\" decoding=\"async\" src=\"https:\/\/tintenwolf.mrkeks.net\/wp-content\/uploads\/2014\/07\/2014-07-27_-_plakat_release_00b-723x1024.jpg\" alt=\"2014-07-27_-_plakat_release_00b\" width=\"480\" height=\"679\" class=\"aligncenter size-large wp-image-2260\" srcset=\"https:\/\/tintenwolf.mrkeks.net\/wp-content\/uploads\/2014\/07\/2014-07-27_-_plakat_release_00b-723x1024.jpg 723w, https:\/\/tintenwolf.mrkeks.net\/wp-content\/uploads\/2014\/07\/2014-07-27_-_plakat_release_00b-212x300.jpg 212w, https:\/\/tintenwolf.mrkeks.net\/wp-content\/uploads\/2014\/07\/2014-07-27_-_plakat_release_00b.jpg 842w\" sizes=\"auto, (max-width: 480px) 100vw, 480px\" \/><\/a><br \/>\nMoin Leute,<br \/>\nes gibt wundervolle Neuigkeiten. Diesen Monat ist es nun soweit: ich werde <a title=\"(2014) \u2026 als ich mir nicht anders zu helfen wusste.\" href=\"https:\/\/tintenwolf.mrkeks.net\/en\/konsumierbares\/2014-als-ich-mir-nicht-anders-zu-helfen-wusste\/\">meine erste CD \u00bb&#8230; als ich mir nicht anders zu helfen wusste.\u00ab<\/a> herausbringen. <a title=\"Lohm\u00fchlenstra\u00dfe 17, Berlin\" href=\"https:\/\/tintenwolf.mrkeks.net\/en\/live-in-farbe\/2014-2\/2014-07-27-record-release-party\/\">Das soll am 27.07. in der Wagenburg LohM\u00fchle gefeiert werden<\/a>. Geplant ist ein Sonntagnachmittagprogramm ab 15:00 Uhr mit leckerer, veganer K\u00fcfA (K\u00fcche f\u00fcr Alle) von <a href=\"http:\/\/veganexplosion.de\/\" target=\"_blank\" rel=\"noopener noreferrer\">VeganExplosion<\/a> und vielen tollen K\u00fcnstler*Innen, die mir bei der Verwirklichung der CD geholfen haben. Namentlich sind das dann <a href=\"http:\/\/wundabunt.weebly.com\/\" target=\"_blank\" rel=\"noopener noreferrer\">der Wundabunte Straszenpunk<\/a>, Franzi Graube, <a href=\"http:\/\/anderersaits.wordpress.com\/\" target=\"_blank\" rel=\"noopener noreferrer\">Anderersaits<\/a>, <a href=\"http:\/\/sahara.mrkeks.net\/\" target=\"_blank\" rel=\"noopener noreferrer\">Sahara B.<\/a>, <a href=\"http:\/\/hisztory.blogsport.de\/\" target=\"_blank\" rel=\"noopener noreferrer\">Hisztory<\/a>, <a href=\"https:\/\/www.facebook.com\/wanda.thot\" target=\"_blank\" rel=\"noopener noreferrer\">Wanda Thot<\/a>, <a href=\"http:\/\/www.youtube.com\/channel\/UCM-cOkXoQ62OpIHlieKrN_w\" target=\"_blank\" rel=\"noopener noreferrer\">Tobias Thiele<\/a>, <a href=\"http:\/\/geigerzaehler.blogsport.de\/\" target=\"_blank\" rel=\"noopener noreferrer\">Geigerz\u00e4hler<\/a> und <a href=\"http:\/\/www.lariunddiepausenmusik.de\/\" target=\"_blank\" rel=\"noopener noreferrer\">Lari und die Pausenmusik<\/a>.<\/p>\n<p>Ich hoffe ihr kommt zahlreich und bringt viel gute Laune mit.<br \/>\nFreue mich schon.<br \/>\nder Tintenwolf<\/p>\n\n\n\n\t<div class=\"dkpdf-button-container\" style=\" text-align:center \">\n\n\t\t<a class=\"dkpdf-button\" href=\"\/en\/wp-json\/wp\/v2\/posts\/2261?pdf=2261\" target=\"_blank\"><span class=\"dkpdf-button-icon\"><i class=\"fa fa-file-pdf-o\"><\/i><\/span> PDF<\/a>\n\n\t<\/div>\n\n\n\n\n\n<div class=\"twoclick_social_bookmarks_post_2261 social_share_privacy clearfix 1.6.4 locale-en_GB sprite-de_DE\"><\/div><div class=\"twoclick-js\"><script type=\"text\/javascript\">\/* <![CDATA[ *\/\njQuery(document).ready(function($){if($('.twoclick_social_bookmarks_post_2261')){$('.twoclick_social_bookmarks_post_2261').socialSharePrivacy({\"services\":{\"facebook\":{\"status\":\"on\",\"txt_info\":\"2 Klicks f\\u00fcr mehr Datenschutz: Erst wenn Sie hier klicken, wird der Button aktiv und Sie k\\u00f6nnen Ihre Empfehlung an Facebook senden. Schon beim Aktivieren werden Daten an Dritte \\u00fcbertragen - siehe <em>i<\\\/em>.\",\"perma_option\":\"off\",\"action\":\"recommend\",\"language\":\"de_DE\"},\"twitter\":{\"reply_to\":\"\",\"tweet_text\":\"%20Record%20Release%20Party%20%C2%BB%E2%80%A6%20als%20ich%20mir%20nicht%20anders%20zu%20helfen%20wusste.%C2%AB%20...\",\"status\":\"on\",\"txt_info\":\"2 Klicks f\\u00fcr mehr Datenschutz: Erst wenn Sie hier klicken, wird der Button aktiv und Sie k\\u00f6nnen Ihre Empfehlung an Twitter senden. Schon beim Aktivieren werden Daten an Dritte \\u00fcbertragen - siehe <em>i<\\\/em>.\",\"perma_option\":\"off\",\"language\":\"de\",\"referrer_track\":\"\"},\"gplus\":{\"status\":\"on\",\"txt_info\":\"2 Klicks f\\u00fcr mehr Datenschutz: Erst wenn Sie hier klicken, wird der Button aktiv und Sie k\\u00f6nnen Ihre Empfehlung an Google+ senden. Schon beim Aktivieren werden Daten an Dritte \\u00fcbertragen - siehe <em>i<\\\/em>.\",\"perma_option\":\"off\",\"referrer_track\":\"\"}},\"txt_help\":\"Wenn Sie diese Felder durch einen Klick aktivieren, werden Informationen an Facebook, Twitter, Flattr, Xing, t3n, LinkedIn, Pinterest oder Google eventuell ins Ausland \\u00fcbertragen und unter Umst\\u00e4nden auch dort gespeichert. N\\u00e4heres erfahren Sie durch einen Klick auf das <em>i<\\\/em>.\",\"settings_perma\":\"Dauerhaft aktivieren und Daten\\u00fcber-tragung zustimmen:\",\"info_link\":\"http:\\\/\\\/www.heise.de\\\/ct\\\/artikel\\\/2-Klicks-fuer-mehr-Datenschutz-1333879.html\",\"uri\":\"https:\\\/\\\/tintenwolf.mrkeks.net\\\/en\\\/record-release-party-2014-07\\\/\",\"post_id\":2261,\"post_title_referrer_track\":\"Record+Release+Party+%C2%BB%26%238230%3B+als+ich+mir+nicht+anders+zu+helfen+wusste.%C2%AB\",\"display_infobox\":\"off\"});}});\n\/* ]]> *\/<\/script><\/div>","protected":false},"excerpt":{"rendered":"<p>Moin Leute, es gibt wundervolle Neuigkeiten. Diesen Monat ist es nun soweit: ich werde meine erste CD \u00bb&#8230; als ich mir nicht anders zu helfen wusste.\u00ab herausbringen. Das soll am<\/p>\n","protected":false},"author":3,"featured_media":0,"comment_status":"closed","ping_status":"closed","sticky":false,"template":"","format":"standard","meta":{"footnotes":""},"categories":[6],"tags":[173,82],"class_list":["post-2261","post","type-post","status-publish","format-standard","hentry","category-performance","tag-als-ich-mir-nicht-anders-zu-helfen-wusste","tag-konsumierbares"],"_links":{"self":[{"href":"https:\/\/tintenwolf.mrkeks.net\/en\/wp-json\/wp\/v2\/posts\/2261","targetHints":{"allow":["GET"]}}],"collection":[{"href":"https:\/\/tintenwolf.mrkeks.net\/en\/wp-json\/wp\/v2\/posts"}],"about":[{"href":"https:\/\/tintenwolf.mrkeks.net\/en\/wp-json\/wp\/v2\/types\/post"}],"author":[{"embeddable":true,"href":"https:\/\/tintenwolf.mrkeks.net\/en\/wp-json\/wp\/v2\/users\/3"}],"replies":[{"embeddable":true,"href":"https:\/\/tintenwolf.mrkeks.net\/en\/wp-json\/wp\/v2\/comments?post=2261"}],"version-history":[{"count":16,"href":"https:\/\/tintenwolf.mrkeks.net\/en\/wp-json\/wp\/v2\/posts\/2261\/revisions"}],"predecessor-version":[{"id":7289,"href":"https:\/\/tintenwolf.mrkeks.net\/en\/wp-json\/wp\/v2\/posts\/2261\/revisions\/7289"}],"wp:attachment":[{"href":"https:\/\/tintenwolf.mrkeks.net\/en\/wp-json\/wp\/v2\/media?parent=2261"}],"wp:term":[{"taxonomy":"category","embeddable":true,"href":"https:\/\/tintenwolf.mrkeks.net\/en\/wp-json\/wp\/v2\/categories?post=2261"},{"taxonomy":"post_tag","embeddable":true,"href":"https:\/\/tintenwolf.mrkeks.net\/en\/wp-json\/wp\/v2\/tags?post=2261"}],"curies":[{"name":"wp","href":"https:\/\/api.w.org\/{rel}","templated":true}]}}