{"id":1772,"date":"2014-02-09T14:36:19","date_gmt":"2014-02-09T12:36:19","guid":{"rendered":"http:\/\/tintenwolf.mrkeks.net\/?p=1772"},"modified":"2019-11-25T01:06:53","modified_gmt":"2019-11-24T23:06:53","slug":"der-sommer-ging","status":"publish","type":"post","link":"https:\/\/tintenwolf.mrkeks.net\/en\/der-sommer-ging\/","title":{"rendered":"Der Sommer ging"},"content":{"rendered":"<p style=\"text-align: center;\">Nach langem Winter war er da,<br \/>\nder Fr\u00fchling mir im Herzen wuchs,<br \/>\nals ich dich pl\u00f6tzlich vor mir sah<br \/>\nund mein Mund ersp\u00fcrte deinen Kuss.<\/p>\n<p style=\"text-align: center;\">&#8216;F\u00fchlte mich so wohl bei dir,<br \/>\ndie Angst verlor schnell an Gewicht,<br \/>\nz\u00e4rtlichst&#8217; Worte kamen mir,<br \/>\nflossen f\u00fcr dich in <a href=\"https:\/\/tintenwolf.mrkeks.net\/en\/julchen\/\" title=\"Julchen\">ein Gedicht<\/a>.<\/p>\n<p style=\"text-align: center;\">Den Sommer haben wir geteilt<br \/>\nund planten uns&#8217;rer Zeit voraus,<br \/>\nhaben Arm in Arm verweilt,<br \/>\ndoch viel zu schnell war&#8217;s wieder aus.<\/p>\n<p style=\"text-align: center;\">Der Herbst kam und der Sommer ging<br \/>\nohne, dass ich kann verstehen,<br \/>\nwie etwas, das so sch\u00f6n anfing,<br \/>\nso schnell kann in Scherben gehen.<\/p>\n<p style=\"text-align: center;\">Jetzt stehe ohne dich ich hier<br \/>\nund es bleibt mir nur Erinnerung.<br \/>\nAllein&#8217; zu k\u00e4mpfen f\u00fcr &#8216;nen Wir,<br \/>\nbringt es auch nicht mehr in Schwung.<\/p>\n<p style=\"text-align: center;\">Ein langer Winter steht nun an,<br \/>\ndie Angst wieder an Gewicht gewinnt;<br \/>\ndoch wird sie gehen, irgendwann.<br \/>\nDer n\u00e4chste Sommer kommt bestimmt.<\/p>\n<p>&nbsp;<\/p>\n<p><span style=\"font-size: 8pt;\"><a href=\"http:\/\/creativecommons.org\/licenses\/by-nc-nd\/3.0\/de\/\" target=\"_blank\" rel=\"noopener noreferrer\">Creative Commons CC BY-NC-ND<\/a> by Meas Wolfstatze<br \/>\n(geschrieben am 01.11.2013,<br \/>\n<em>als mp3 downloaden: <a href=\"https:\/\/tintenwolf.mrkeks.net\/wp-content\/uploads\/2014\/06\/64_-_Der_Sommer_ging.mp3\">mit Franzi Graube<\/a><\/em> <a href=\"https:\/\/tintenwolf.mrkeks.net\/en\/konsumierbares\/2014-als-ich-mir-nicht-anders-zu-helfen-wusste\/\" title=\"(2014) ... als ich mir nicht anders zu helfen wusste.\"><img loading=\"lazy\" decoding=\"async\" src=\"https:\/\/tintenwolf.mrkeks.net\/wp-content\/uploads\/2014\/07\/2014_als_ich_mir_nicht_anders_zu_helfen_wusste_-_cd_cover_front-150x150.jpg\" alt=\"(2014)_als_ich_mir_nicht_anders_zu_helfen_wusste_-_cd_cover_front\" width=\"15\" height=\"15\" class=\"alignnone size-thumbnail wp-image-2200\" srcset=\"https:\/\/tintenwolf.mrkeks.net\/wp-content\/uploads\/2014\/07\/2014_als_ich_mir_nicht_anders_zu_helfen_wusste_-_cd_cover_front-150x150.jpg 150w, https:\/\/tintenwolf.mrkeks.net\/wp-content\/uploads\/2014\/07\/2014_als_ich_mir_nicht_anders_zu_helfen_wusste_-_cd_cover_front-300x278.jpg 300w, https:\/\/tintenwolf.mrkeks.net\/wp-content\/uploads\/2014\/07\/2014_als_ich_mir_nicht_anders_zu_helfen_wusste_-_cd_cover_front-1024x951.jpg 1024w, https:\/\/tintenwolf.mrkeks.net\/wp-content\/uploads\/2014\/07\/2014_als_ich_mir_nicht_anders_zu_helfen_wusste_-_cd_cover_front.jpg 1564w\" sizes=\"auto, (max-width: 15px) 100vw, 15px\" \/><\/a>)<\/span><\/p>\n\n\n\n\t<div class=\"dkpdf-button-container\" style=\" text-align:center \">\n\n\t\t<a class=\"dkpdf-button\" href=\"\/en\/wp-json\/wp\/v2\/posts\/1772?pdf=1772\" target=\"_blank\"><span class=\"dkpdf-button-icon\"><i class=\"fa fa-file-pdf-o\"><\/i><\/span> PDF<\/a>\n\n\t<\/div>\n\n\n\n\n\n<div class=\"twoclick_social_bookmarks_post_1772 social_share_privacy clearfix 1.6.4 locale-en_GB sprite-de_DE\"><\/div><div class=\"twoclick-js\"><script type=\"text\/javascript\">\/* <![CDATA[ *\/\njQuery(document).ready(function($){if($('.twoclick_social_bookmarks_post_1772')){$('.twoclick_social_bookmarks_post_1772').socialSharePrivacy({\"services\":{\"facebook\":{\"status\":\"on\",\"txt_info\":\"2 Klicks f\\u00fcr mehr Datenschutz: Erst wenn Sie hier klicken, wird der Button aktiv und Sie k\\u00f6nnen Ihre Empfehlung an Facebook senden. Schon beim Aktivieren werden Daten an Dritte \\u00fcbertragen - siehe <em>i<\\\/em>.\",\"perma_option\":\"off\",\"action\":\"recommend\",\"language\":\"de_DE\"},\"twitter\":{\"reply_to\":\"\",\"tweet_text\":\"%20Der%20Sommer%20ging%20%C2%BB%20Tintenwolf%20%23...%20als%20ich%20mir%20nicht%20anders%20zu%20helfen%20wusste%20...\",\"status\":\"on\",\"txt_info\":\"2 Klicks f\\u00fcr mehr Datenschutz: Erst wenn Sie hier klicken, wird der Button aktiv und Sie k\\u00f6nnen Ihre Empfehlung an Twitter senden. Schon beim Aktivieren werden Daten an Dritte \\u00fcbertragen - siehe <em>i<\\\/em>.\",\"perma_option\":\"off\",\"language\":\"de\",\"referrer_track\":\"\"},\"gplus\":{\"status\":\"on\",\"txt_info\":\"2 Klicks f\\u00fcr mehr Datenschutz: Erst wenn Sie hier klicken, wird der Button aktiv und Sie k\\u00f6nnen Ihre Empfehlung an Google+ senden. Schon beim Aktivieren werden Daten an Dritte \\u00fcbertragen - siehe <em>i<\\\/em>.\",\"perma_option\":\"off\",\"referrer_track\":\"\"}},\"txt_help\":\"Wenn Sie diese Felder durch einen Klick aktivieren, werden Informationen an Facebook, Twitter, Flattr, Xing, t3n, LinkedIn, Pinterest oder Google eventuell ins Ausland \\u00fcbertragen und unter Umst\\u00e4nden auch dort gespeichert. N\\u00e4heres erfahren Sie durch einen Klick auf das <em>i<\\\/em>.\",\"settings_perma\":\"Dauerhaft aktivieren und Daten\\u00fcber-tragung zustimmen:\",\"info_link\":\"http:\\\/\\\/www.heise.de\\\/ct\\\/artikel\\\/2-Klicks-fuer-mehr-Datenschutz-1333879.html\",\"uri\":\"https:\\\/\\\/tintenwolf.mrkeks.net\\\/en\\\/der-sommer-ging\\\/\",\"post_id\":1772,\"post_title_referrer_track\":\"Der+Sommer+ging\",\"display_infobox\":\"off\"});}});\n\/* ]]> *\/<\/script><\/div>","protected":false},"excerpt":{"rendered":"<p>Nach langem Winter war er da, der Fr\u00fchling mir im Herzen wuchs, als ich dich pl\u00f6tzlich vor mir sah und mein Mund ersp\u00fcrte deinen Kuss. &#8216;F\u00fchlte mich so wohl bei<\/p>\n","protected":false},"author":3,"featured_media":0,"comment_status":"closed","ping_status":"closed","sticky":false,"template":"","format":"standard","meta":{"footnotes":""},"categories":[16,2,12,3],"tags":[173,44,49,46],"class_list":["post-1772","post","type-post","status-publish","format-standard","hentry","category-german","category-poem","category-love-poem","category-recorded","tag-als-ich-mir-nicht-anders-zu-helfen-wusste","tag-hoffnung","tag-liebe","tag-traurigkeit"],"_links":{"self":[{"href":"https:\/\/tintenwolf.mrkeks.net\/en\/wp-json\/wp\/v2\/posts\/1772","targetHints":{"allow":["GET"]}}],"collection":[{"href":"https:\/\/tintenwolf.mrkeks.net\/en\/wp-json\/wp\/v2\/posts"}],"about":[{"href":"https:\/\/tintenwolf.mrkeks.net\/en\/wp-json\/wp\/v2\/types\/post"}],"author":[{"embeddable":true,"href":"https:\/\/tintenwolf.mrkeks.net\/en\/wp-json\/wp\/v2\/users\/3"}],"replies":[{"embeddable":true,"href":"https:\/\/tintenwolf.mrkeks.net\/en\/wp-json\/wp\/v2\/comments?post=1772"}],"version-history":[{"count":13,"href":"https:\/\/tintenwolf.mrkeks.net\/en\/wp-json\/wp\/v2\/posts\/1772\/revisions"}],"predecessor-version":[{"id":6779,"href":"https:\/\/tintenwolf.mrkeks.net\/en\/wp-json\/wp\/v2\/posts\/1772\/revisions\/6779"}],"wp:attachment":[{"href":"https:\/\/tintenwolf.mrkeks.net\/en\/wp-json\/wp\/v2\/media?parent=1772"}],"wp:term":[{"taxonomy":"category","embeddable":true,"href":"https:\/\/tintenwolf.mrkeks.net\/en\/wp-json\/wp\/v2\/categories?post=1772"},{"taxonomy":"post_tag","embeddable":true,"href":"https:\/\/tintenwolf.mrkeks.net\/en\/wp-json\/wp\/v2\/tags?post=1772"}],"curies":[{"name":"wp","href":"https:\/\/api.w.org\/{rel}","templated":true}]}}